{"id":83486,"date":"2026-01-28T00:34:41","date_gmt":"2026-01-27T21:34:41","guid":{"rendered":"https:\/\/www.egemtv.com\/?p=83486"},"modified":"2026-01-28T00:34:41","modified_gmt":"2026-01-27T21:34:41","slug":"kaybolan-sehit-annesi-jandarma-ekiplerince-bulundu","status":"publish","type":"post","link":"https:\/\/www.egemtv.com\/?p=83486","title":{"rendered":"Kaybolan \u015fehit annesi jandarma ekiplerince bulundu"},"content":{"rendered":"<p>\u0130zmir\u2019in Fo\u00e7a il\u00e7esinde ak\u015fam saatlerinde kaybolan alzheimer hastas\u0131 \u015fehit annesi G\u00fcleser Kaya, jandarma ekiplerinin \u00e7al\u0131\u015fmas\u0131 sonucu arazide sa\u011f olarak bulundu.<br \/>\n<br \/>Olay, d\u00fcn saat 20.00 s\u0131ralar\u0131nda meydana geldi. \u015eehit Jandarma Er Veli Y\u0131lmaz\u2019\u0131n annesi G\u00fcleser Kaya\u2019n\u0131n evde olmad\u0131\u011f\u0131n\u0131 fark eden yak\u0131nlar\u0131, durumu jandarma ekiplerine bildirdi. \u0130hbar \u00fczerine harekete ge\u00e7en Fo\u00e7a \u0130l\u00e7e Jandarma Komutanl\u0131\u011f\u0131 ekipleri, b\u00f6lgede geni\u015f \u00e7apl\u0131 arama \u00e7al\u0131\u015fmas\u0131 ba\u015flatt\u0131. Ekiplerin takibi sonucu G\u00fcleser Kaya, saat 23.00 s\u0131ralar\u0131nda Kaz\u0131m Dirik Mahallesi Gediz Kurutma Kanal\u0131 mevkiindeki arazide bulundu.<br \/>\n<br \/>Jandarma ekiplerini ve ailesini kar\u015f\u0131s\u0131nda g\u00f6r\u00fcnce b\u00fcy\u00fck sevin\u00e7 ya\u015fayan Kaya\u2019n\u0131n sa\u011fl\u0131k durumunun iyi oldu\u011fu belirtildi. Olay yerine gelen 112 Acil Sa\u011fl\u0131k ekipleri taraf\u0131ndan ilk kontrolleri yap\u0131lan \u015fehit annesi, tedbir ama\u00e7l\u0131 hastaneye kald\u0131r\u0131ld\u0131.<br \/><\/p>\n","protected":false},"excerpt":{"rendered":"<p>\u0130zmir\u2019in Fo\u00e7a il\u00e7esinde ak\u015fam saatlerinde kaybolan alzheimer hastas\u0131 \u015fehit annesi G\u00fcleser Kaya, jandarma ekiplerinin \u00e7al\u0131\u015fmas\u0131 sonucu arazide sa\u011f olarak bulundu. Olay, d\u00fcn saat 20.00 s\u0131ralar\u0131nda meydana geldi. \u015eehit Jandarma Er Veli Y\u0131lmaz\u2019\u0131n annesi G\u00fcleser Kaya\u2019n\u0131n evde olmad\u0131\u011f\u0131n\u0131 fark eden yak\u0131nlar\u0131, durumu jandarma ekiplerine bildirdi. \u0130hbar \u00fczerine harekete ge\u00e7en Fo\u00e7a \u0130l\u00e7e Jandarma Komutanl\u0131\u011f\u0131 ekipleri, b\u00f6lgede geni\u015f&#8230;<\/p>\n","protected":false},"author":1,"featured_media":83487,"comment_status":"open","ping_status":"open","sticky":false,"template":"","format":"standard","meta":{"_crdt_document":"","footnotes":""},"categories":[123],"tags":[],"class_list":["post-83486","post","type-post","status-publish","format-standard","has-post-thumbnail","hentry","category-gundem"],"_links":{"self":[{"href":"https:\/\/www.egemtv.com\/index.php?rest_route=\/wp\/v2\/posts\/83486","targetHints":{"allow":["GET"]}}],"collection":[{"href":"https:\/\/www.egemtv.com\/index.php?rest_route=\/wp\/v2\/posts"}],"about":[{"href":"https:\/\/www.egemtv.com\/index.php?rest_route=\/wp\/v2\/types\/post"}],"author":[{"embeddable":true,"href":"https:\/\/www.egemtv.com\/index.php?rest_route=\/wp\/v2\/users\/1"}],"replies":[{"embeddable":true,"href":"https:\/\/www.egemtv.com\/index.php?rest_route=%2Fwp%2Fv2%2Fcomments&post=83486"}],"version-history":[{"count":1,"href":"https:\/\/www.egemtv.com\/index.php?rest_route=\/wp\/v2\/posts\/83486\/revisions"}],"predecessor-version":[{"id":83488,"href":"https:\/\/www.egemtv.com\/index.php?rest_route=\/wp\/v2\/posts\/83486\/revisions\/83488"}],"wp:featuredmedia":[{"embeddable":true,"href":"https:\/\/www.egemtv.com\/index.php?rest_route=\/wp\/v2\/media\/83487"}],"wp:attachment":[{"href":"https:\/\/www.egemtv.com\/index.php?rest_route=%2Fwp%2Fv2%2Fmedia&parent=83486"}],"wp:term":[{"taxonomy":"category","embeddable":true,"href":"https:\/\/www.egemtv.com\/index.php?rest_route=%2Fwp%2Fv2%2Fcategories&post=83486"},{"taxonomy":"post_tag","embeddable":true,"href":"https:\/\/www.egemtv.com\/index.php?rest_route=%2Fwp%2Fv2%2Ftags&post=83486"}],"curies":[{"name":"wp","href":"https:\/\/api.w.org\/{rel}","templated":true}]}}