{"id":83483,"date":"2026-01-27T22:34:45","date_gmt":"2026-01-27T19:34:45","guid":{"rendered":"https:\/\/www.egemtv.com\/?p=83483"},"modified":"2026-01-27T22:34:45","modified_gmt":"2026-01-27T19:34:45","slug":"izmirli-avukat-trafik-kazasinda-hayatini-kaybetti","status":"publish","type":"post","link":"https:\/\/www.egemtv.com\/?p=83483","title":{"rendered":"\u0130zmirli avukat trafik kazas\u0131nda hayat\u0131n\u0131 kaybetti"},"content":{"rendered":"<p>\u0130zmir\u2019in \u00d6demi\u015f il\u00e7esinde yolun kar\u015f\u0131s\u0131na ge\u00e7mek istedi\u011fi s\u0131rada otomobilin \u00e7arpt\u0131\u011f\u0131 38 ya\u015f\u0131ndaki avukat hayat\u0131n\u0131 kaybetti.<br \/>\n<br \/>Kaza, saat 19.30 s\u0131ralar\u0131nda \u00d6demi\u015f-Beyda\u011f karayolu \u00fczerinde meydana geldi. Edinilen bilgilere g\u00f6re, \u00d6demi\u015f istikametinden Beyda\u011f y\u00f6n\u00fcne seyir halinde olan B.Y. (52) idaresindeki 35 MCC 08 plakal\u0131 otomobil, aniden yola \u00e7\u0131kan Avukat Taylan Hall\u0131o\u011flu\u2019na (38) \u00e7arpt\u0131.<br \/>\n<br \/>\u00c7arpman\u0131n \u015fiddetiyle yola savrulan ve a\u011f\u0131r yaralanan Hall\u0131o\u011flu, ihbar \u00fczerine olay yerine gelen ambulansla \u00d6demi\u015f Devlet Hastanesi\u2019ne kald\u0131r\u0131ld\u0131. Hastanede acil m\u00fcdahaleye al\u0131nan avukat, doktorlar\u0131n t\u00fcm \u00e7abas\u0131na ra\u011fmen kurtar\u0131lamad\u0131.<br \/>\n<br \/>Kazaya kar\u0131\u015fan otomobil s\u00fcr\u00fcc\u00fcs\u00fc, ifadesi al\u0131nmak \u00fczere jandarma ekiplerince g\u00f6zalt\u0131na al\u0131nd\u0131. Kazayla ilgili ba\u015flat\u0131lan soru\u015fturma s\u00fcr\u00fcyor.<br \/><\/p>\n","protected":false},"excerpt":{"rendered":"<p>\u0130zmir\u2019in \u00d6demi\u015f il\u00e7esinde yolun kar\u015f\u0131s\u0131na ge\u00e7mek istedi\u011fi s\u0131rada otomobilin \u00e7arpt\u0131\u011f\u0131 38 ya\u015f\u0131ndaki avukat hayat\u0131n\u0131 kaybetti. Kaza, saat 19.30 s\u0131ralar\u0131nda \u00d6demi\u015f-Beyda\u011f karayolu \u00fczerinde meydana geldi. Edinilen bilgilere g\u00f6re, \u00d6demi\u015f istikametinden Beyda\u011f y\u00f6n\u00fcne seyir halinde olan B.Y. (52) idaresindeki 35 MCC 08 plakal\u0131 otomobil, aniden yola \u00e7\u0131kan Avukat Taylan Hall\u0131o\u011flu\u2019na (38) \u00e7arpt\u0131. \u00c7arpman\u0131n \u015fiddetiyle yola savrulan ve&#8230;<\/p>\n","protected":false},"author":1,"featured_media":83484,"comment_status":"open","ping_status":"open","sticky":false,"template":"","format":"standard","meta":{"_crdt_document":"","footnotes":""},"categories":[5],"tags":[],"class_list":["post-83483","post","type-post","status-publish","format-standard","has-post-thumbnail","hentry","category-asayis"],"_links":{"self":[{"href":"https:\/\/www.egemtv.com\/index.php?rest_route=\/wp\/v2\/posts\/83483","targetHints":{"allow":["GET"]}}],"collection":[{"href":"https:\/\/www.egemtv.com\/index.php?rest_route=\/wp\/v2\/posts"}],"about":[{"href":"https:\/\/www.egemtv.com\/index.php?rest_route=\/wp\/v2\/types\/post"}],"author":[{"embeddable":true,"href":"https:\/\/www.egemtv.com\/index.php?rest_route=\/wp\/v2\/users\/1"}],"replies":[{"embeddable":true,"href":"https:\/\/www.egemtv.com\/index.php?rest_route=%2Fwp%2Fv2%2Fcomments&post=83483"}],"version-history":[{"count":1,"href":"https:\/\/www.egemtv.com\/index.php?rest_route=\/wp\/v2\/posts\/83483\/revisions"}],"predecessor-version":[{"id":83485,"href":"https:\/\/www.egemtv.com\/index.php?rest_route=\/wp\/v2\/posts\/83483\/revisions\/83485"}],"wp:featuredmedia":[{"embeddable":true,"href":"https:\/\/www.egemtv.com\/index.php?rest_route=\/wp\/v2\/media\/83484"}],"wp:attachment":[{"href":"https:\/\/www.egemtv.com\/index.php?rest_route=%2Fwp%2Fv2%2Fmedia&parent=83483"}],"wp:term":[{"taxonomy":"category","embeddable":true,"href":"https:\/\/www.egemtv.com\/index.php?rest_route=%2Fwp%2Fv2%2Fcategories&post=83483"},{"taxonomy":"post_tag","embeddable":true,"href":"https:\/\/www.egemtv.com\/index.php?rest_route=%2Fwp%2Fv2%2Ftags&post=83483"}],"curies":[{"name":"wp","href":"https:\/\/api.w.org\/{rel}","templated":true}]}}