{"id":83480,"date":"2026-01-27T22:34:44","date_gmt":"2026-01-27T19:34:44","guid":{"rendered":"https:\/\/www.egemtv.com\/?p=83480"},"modified":"2026-01-27T22:34:45","modified_gmt":"2026-01-27T19:34:45","slug":"marmariste-saganak-yagis-etkili-oldu-yollar-dereye-dondu","status":"publish","type":"post","link":"https:\/\/www.egemtv.com\/?p=83480","title":{"rendered":"Marmaris\u2019te sa\u011fanak ya\u011f\u0131\u015f etkili oldu, yollar dereye d\u00f6nd\u00fc"},"content":{"rendered":"<p>Mu\u011fla\u2019n\u0131n Marmaris il\u00e7esinde etkili olan sa\u011fanakla beraber yollar dereye d\u00f6nerken, baz\u0131 evleri de su bast\u0131.<br \/>\n<br \/>Mu\u011fla genelinde etkili olan sa\u011fanak ya\u011f\u0131\u015f hayat\u0131 olumsuz etkiledi. Bir\u00e7ok noktada dere ta\u015fk\u0131nlar\u0131 ya\u015fand\u0131. Marmaris il\u00e7esine ba\u011fl\u0131 \u0130\u00e7meler ve Turun\u00e7 mahallelerinde de sa\u011fanak ya\u011f\u0131\u015flarla birlikte yollar dereye d\u00f6nd\u00fc. Yo\u011fun ya\u011f\u0131\u015f sebebiyle baz\u0131 evleri de su bast\u0131. Turun\u00e7 Mahallesi ile Bay\u0131r Mahallesi aras\u0131nda kalan yol ise ya\u011f\u0131\u015fla birlikte da\u011flardan inen toprak ve kaya par\u00e7alar\u0131 sebebiyle trafi\u011fe kapand\u0131. \u0130\u00e7meler Mahallesi\u2019ndeki alt yap\u0131 \u00e7al\u0131\u015fmalar\u0131n\u0131n s\u00fcrd\u00fc\u011f\u00fc yollarda da g\u00f6\u00e7\u00fckler meydana geldi. Ya\u015fanan su bask\u0131nlar\u0131n\u0131n ard\u0131ndan k\u0131sa s\u00fcrede b\u00f6lgeye giden Mu\u011fla B\u00fcy\u00fck\u015fehir Belediyesi ekipleri ise kep\u00e7eler ile ya\u011f\u0131\u015f sebebiyle t\u0131kanan yollar\u0131 a\u00e7ma \u00e7al\u0131\u015fmalar\u0131n\u0131 s\u00fcrd\u00fcr\u00fcyor.<br \/><\/p>\n","protected":false},"excerpt":{"rendered":"<p>Mu\u011fla\u2019n\u0131n Marmaris il\u00e7esinde etkili olan sa\u011fanakla beraber yollar dereye d\u00f6nerken, baz\u0131 evleri de su bast\u0131. Mu\u011fla genelinde etkili olan sa\u011fanak ya\u011f\u0131\u015f hayat\u0131 olumsuz etkiledi. Bir\u00e7ok noktada dere ta\u015fk\u0131nlar\u0131 ya\u015fand\u0131. Marmaris il\u00e7esine ba\u011fl\u0131 \u0130\u00e7meler ve Turun\u00e7 mahallelerinde de sa\u011fanak ya\u011f\u0131\u015flarla birlikte yollar dereye d\u00f6nd\u00fc. Yo\u011fun ya\u011f\u0131\u015f sebebiyle baz\u0131 evleri de su bast\u0131. Turun\u00e7 Mahallesi ile Bay\u0131r&#8230;<\/p>\n","protected":false},"author":1,"featured_media":83481,"comment_status":"open","ping_status":"open","sticky":false,"template":"","format":"standard","meta":{"_crdt_document":"","footnotes":""},"categories":[5],"tags":[],"class_list":["post-83480","post","type-post","status-publish","format-standard","has-post-thumbnail","hentry","category-asayis"],"_links":{"self":[{"href":"https:\/\/www.egemtv.com\/index.php?rest_route=\/wp\/v2\/posts\/83480","targetHints":{"allow":["GET"]}}],"collection":[{"href":"https:\/\/www.egemtv.com\/index.php?rest_route=\/wp\/v2\/posts"}],"about":[{"href":"https:\/\/www.egemtv.com\/index.php?rest_route=\/wp\/v2\/types\/post"}],"author":[{"embeddable":true,"href":"https:\/\/www.egemtv.com\/index.php?rest_route=\/wp\/v2\/users\/1"}],"replies":[{"embeddable":true,"href":"https:\/\/www.egemtv.com\/index.php?rest_route=%2Fwp%2Fv2%2Fcomments&post=83480"}],"version-history":[{"count":1,"href":"https:\/\/www.egemtv.com\/index.php?rest_route=\/wp\/v2\/posts\/83480\/revisions"}],"predecessor-version":[{"id":83482,"href":"https:\/\/www.egemtv.com\/index.php?rest_route=\/wp\/v2\/posts\/83480\/revisions\/83482"}],"wp:featuredmedia":[{"embeddable":true,"href":"https:\/\/www.egemtv.com\/index.php?rest_route=\/wp\/v2\/media\/83481"}],"wp:attachment":[{"href":"https:\/\/www.egemtv.com\/index.php?rest_route=%2Fwp%2Fv2%2Fmedia&parent=83480"}],"wp:term":[{"taxonomy":"category","embeddable":true,"href":"https:\/\/www.egemtv.com\/index.php?rest_route=%2Fwp%2Fv2%2Fcategories&post=83480"},{"taxonomy":"post_tag","embeddable":true,"href":"https:\/\/www.egemtv.com\/index.php?rest_route=%2Fwp%2Fv2%2Ftags&post=83480"}],"curies":[{"name":"wp","href":"https:\/\/api.w.org\/{rel}","templated":true}]}}