{"id":83477,"date":"2026-01-27T22:14:35","date_gmt":"2026-01-27T19:14:35","guid":{"rendered":"https:\/\/www.egemtv.com\/?p=83477"},"modified":"2026-01-27T22:14:36","modified_gmt":"2026-01-27T19:14:36","slug":"datcada-sele-kapilan-surucu-caliya-tutunarak-hayatta-kaldi","status":"publish","type":"post","link":"https:\/\/www.egemtv.com\/?p=83477","title":{"rendered":"Dat\u00e7a\u2019da sele kap\u0131lan s\u00fcr\u00fcc\u00fc, \u00e7al\u0131ya tutunarak hayatta kald\u0131"},"content":{"rendered":"<p>Mu\u011fla\u2019n\u0131n Dat\u00e7a il\u00e7esinde arac\u0131yla ta\u015fan dereden ge\u00e7meye \u00e7al\u0131\u015ft\u0131\u011f\u0131 esnada sele kap\u0131lan ve arac\u0131ndan \u00e7\u0131kmay\u0131 ba\u015fararak bir \u00e7al\u0131ya tutunan adam, 1 saatlik araman\u0131n sonunda sa\u011f olarak bulundu.<br \/>\n<br \/>Olay, Dat\u00e7a il\u00e7esi Karak\u00f6y Mahallesi\u2019nde meydana geldi. Edinilen bilgiye g\u00f6re Ahmet U. isimli vatanda\u015f, arac\u0131yla b\u00f6lgedeki arazine gezmeye gitti. Havan\u0131n k\u00f6t\u00fcle\u015fmesiyle geri d\u00f6nemek isteyen Ahmet U., a\u015f\u0131r\u0131 ya\u011f\u0131\u015f nedeniyle ta\u015fan dereden ge\u00e7erken arac\u0131yla sele kap\u0131ld\u0131. Arac\u0131yla birlikte s\u00fcr\u00fcklenmeye ba\u015flayan talihsiz adam, ilk f\u0131rsatta ye\u011feni ve e\u015fini arayarak sele kap\u0131ld\u0131\u011f\u0131n\u0131, yard\u0131m g\u00f6ndermelerini istedi. Bunun \u00fczerine ye\u011feni 112 Acil \u00c7a\u011fr\u0131 Merkezi\u2019ni arayarak durumu bildirdi.<br \/>\n<br \/>\u0130hbar \u00fczerine b\u00f6lgeye jandarma, sa\u011fl\u0131k, itfaiye, sahil g\u00fcvenlik ve MAG-AME SAR ekipleri sevk edildi. K\u0131sa s\u00fcrede b\u00f6lgeye gelen ekipler, arac\u0131 buldu. Ahmet U.\u2019nun ara\u00e7ta olmamas\u0131 \u00fczerine b\u00f6lgede arama kurtarma \u00e7al\u0131\u015fmas\u0131 ba\u015flat\u0131ld\u0131. Yakla\u015f\u0131k bir saatlik \u00e7al\u0131\u015fman\u0131n sonunda Ahmet U., dere kenar\u0131nda bir \u00e7al\u0131ya tutunmu\u015f olarak bulundu. Sa\u011f olarak bulunan adam, bulundu\u011fu yerden al\u0131narak sa\u011fl\u0131k ekiplerine teslim edildi. Olay yerindeki ilk kontrol\u00fcn\u00fcn ard\u0131ndan Ahmet U., hipotermi riski dolay\u0131s\u0131yla Dat\u00e7a Devlet Hastanesi\u2019ne kald\u0131r\u0131ld\u0131.<br \/><\/p>\n","protected":false},"excerpt":{"rendered":"<p>Mu\u011fla\u2019n\u0131n Dat\u00e7a il\u00e7esinde arac\u0131yla ta\u015fan dereden ge\u00e7meye \u00e7al\u0131\u015ft\u0131\u011f\u0131 esnada sele kap\u0131lan ve arac\u0131ndan \u00e7\u0131kmay\u0131 ba\u015fararak bir \u00e7al\u0131ya tutunan adam, 1 saatlik araman\u0131n sonunda sa\u011f olarak bulundu. Olay, Dat\u00e7a il\u00e7esi Karak\u00f6y Mahallesi\u2019nde meydana geldi. Edinilen bilgiye g\u00f6re Ahmet U. isimli vatanda\u015f, arac\u0131yla b\u00f6lgedeki arazine gezmeye gitti. Havan\u0131n k\u00f6t\u00fcle\u015fmesiyle geri d\u00f6nemek isteyen Ahmet U., a\u015f\u0131r\u0131 ya\u011f\u0131\u015f nedeniyle&#8230;<\/p>\n","protected":false},"author":1,"featured_media":83478,"comment_status":"open","ping_status":"open","sticky":false,"template":"","format":"standard","meta":{"_crdt_document":"","footnotes":""},"categories":[5],"tags":[],"class_list":["post-83477","post","type-post","status-publish","format-standard","has-post-thumbnail","hentry","category-asayis"],"_links":{"self":[{"href":"https:\/\/www.egemtv.com\/index.php?rest_route=\/wp\/v2\/posts\/83477","targetHints":{"allow":["GET"]}}],"collection":[{"href":"https:\/\/www.egemtv.com\/index.php?rest_route=\/wp\/v2\/posts"}],"about":[{"href":"https:\/\/www.egemtv.com\/index.php?rest_route=\/wp\/v2\/types\/post"}],"author":[{"embeddable":true,"href":"https:\/\/www.egemtv.com\/index.php?rest_route=\/wp\/v2\/users\/1"}],"replies":[{"embeddable":true,"href":"https:\/\/www.egemtv.com\/index.php?rest_route=%2Fwp%2Fv2%2Fcomments&post=83477"}],"version-history":[{"count":1,"href":"https:\/\/www.egemtv.com\/index.php?rest_route=\/wp\/v2\/posts\/83477\/revisions"}],"predecessor-version":[{"id":83479,"href":"https:\/\/www.egemtv.com\/index.php?rest_route=\/wp\/v2\/posts\/83477\/revisions\/83479"}],"wp:featuredmedia":[{"embeddable":true,"href":"https:\/\/www.egemtv.com\/index.php?rest_route=\/wp\/v2\/media\/83478"}],"wp:attachment":[{"href":"https:\/\/www.egemtv.com\/index.php?rest_route=%2Fwp%2Fv2%2Fmedia&parent=83477"}],"wp:term":[{"taxonomy":"category","embeddable":true,"href":"https:\/\/www.egemtv.com\/index.php?rest_route=%2Fwp%2Fv2%2Fcategories&post=83477"},{"taxonomy":"post_tag","embeddable":true,"href":"https:\/\/www.egemtv.com\/index.php?rest_route=%2Fwp%2Fv2%2Ftags&post=83477"}],"curies":[{"name":"wp","href":"https:\/\/api.w.org\/{rel}","templated":true}]}}