{"id":83474,"date":"2026-01-27T21:34:31","date_gmt":"2026-01-27T18:34:31","guid":{"rendered":"https:\/\/www.egemtv.com\/?p=83474"},"modified":"2026-01-27T21:34:34","modified_gmt":"2026-01-27T18:34:34","slug":"aliaga-fk-koray-kilinci-kadrosuna-katti","status":"publish","type":"post","link":"https:\/\/www.egemtv.com\/?p=83474","title":{"rendered":"Alia\u011fa FK, Koray K\u0131l\u0131n\u00e7\u2019\u0131 kadrosuna katt\u0131"},"content":{"rendered":"<p>TFF 2. Lig ekiplerinden Alia\u011fa FK, Trendyol 1. Lig ekibi Erzurumspor FK formas\u0131 giyen 25 ya\u015f\u0131ndaki forvet Koray K\u0131l\u0131n\u00e7\u2019\u0131 transfer etti.<br \/>\n<br \/>Transfer \u00e7al\u0131\u015fmalar\u0131n\u0131 s\u00fcrd\u00fcren Alia\u011fa FK, forvet mevkiine takviye yapt\u0131. Kul\u00fcb\u00fcn sosyal medya hesab\u0131ndan yap\u0131lan payla\u015f\u0131mda, &#8220;Erzurumspor\u2019da forma giyen forvet oyuncusu Koray K\u0131l\u0131n\u00e7\u2019la 1 y\u0131l\u0131 opsiyonlu olmak \u00fczere 1,5 y\u0131ll\u0131k anla\u015fma sa\u011flad\u0131k. Koray K\u0131l\u0131n\u00e7\u2019a ho\u015f geldin diyor, formam\u0131z alt\u0131nda ba\u015far\u0131lar diliyoruz&#8221; ifadelerine yer verildi.<br \/>\n<br \/>Trabzonspor\u2019da yeti\u015fip, profesyonelli\u011fe ge\u00e7en 25  ya\u015f\u0131ndaki forvet oyuncu kariyerinde kariyerinde Sakaryaspor, \u0130stanbulspor, Turgutluspor, Ankara Ke\u00e7i\u00f6reng\u00fcc\u00fc, Bodrum FK, Sar\u0131yer ve son olarak Erzurumspor FK formalar\u0131n\u0131 giydi.<br \/><\/p>\n","protected":false},"excerpt":{"rendered":"<p>TFF 2. Lig ekiplerinden Alia\u011fa FK, Trendyol 1. Lig ekibi Erzurumspor FK formas\u0131 giyen 25 ya\u015f\u0131ndaki forvet Koray K\u0131l\u0131n\u00e7\u2019\u0131 transfer etti. Transfer \u00e7al\u0131\u015fmalar\u0131n\u0131 s\u00fcrd\u00fcren Alia\u011fa FK, forvet mevkiine takviye yapt\u0131. Kul\u00fcb\u00fcn sosyal medya hesab\u0131ndan yap\u0131lan payla\u015f\u0131mda, &#8220;Erzurumspor\u2019da forma giyen forvet oyuncusu Koray K\u0131l\u0131n\u00e7\u2019la 1 y\u0131l\u0131 opsiyonlu olmak \u00fczere 1,5 y\u0131ll\u0131k anla\u015fma sa\u011flad\u0131k. Koray K\u0131l\u0131n\u00e7\u2019a ho\u015f&#8230;<\/p>\n","protected":false},"author":1,"featured_media":83475,"comment_status":"open","ping_status":"open","sticky":false,"template":"","format":"standard","meta":{"_crdt_document":"","footnotes":""},"categories":[4],"tags":[],"class_list":["post-83474","post","type-post","status-publish","format-standard","has-post-thumbnail","hentry","category-spor"],"_links":{"self":[{"href":"https:\/\/www.egemtv.com\/index.php?rest_route=\/wp\/v2\/posts\/83474","targetHints":{"allow":["GET"]}}],"collection":[{"href":"https:\/\/www.egemtv.com\/index.php?rest_route=\/wp\/v2\/posts"}],"about":[{"href":"https:\/\/www.egemtv.com\/index.php?rest_route=\/wp\/v2\/types\/post"}],"author":[{"embeddable":true,"href":"https:\/\/www.egemtv.com\/index.php?rest_route=\/wp\/v2\/users\/1"}],"replies":[{"embeddable":true,"href":"https:\/\/www.egemtv.com\/index.php?rest_route=%2Fwp%2Fv2%2Fcomments&post=83474"}],"version-history":[{"count":1,"href":"https:\/\/www.egemtv.com\/index.php?rest_route=\/wp\/v2\/posts\/83474\/revisions"}],"predecessor-version":[{"id":83476,"href":"https:\/\/www.egemtv.com\/index.php?rest_route=\/wp\/v2\/posts\/83474\/revisions\/83476"}],"wp:featuredmedia":[{"embeddable":true,"href":"https:\/\/www.egemtv.com\/index.php?rest_route=\/wp\/v2\/media\/83475"}],"wp:attachment":[{"href":"https:\/\/www.egemtv.com\/index.php?rest_route=%2Fwp%2Fv2%2Fmedia&parent=83474"}],"wp:term":[{"taxonomy":"category","embeddable":true,"href":"https:\/\/www.egemtv.com\/index.php?rest_route=%2Fwp%2Fv2%2Fcategories&post=83474"},{"taxonomy":"post_tag","embeddable":true,"href":"https:\/\/www.egemtv.com\/index.php?rest_route=%2Fwp%2Fv2%2Ftags&post=83474"}],"curies":[{"name":"wp","href":"https:\/\/api.w.org\/{rel}","templated":true}]}}