{"id":83471,"date":"2026-01-27T20:34:43","date_gmt":"2026-01-27T17:34:43","guid":{"rendered":"https:\/\/www.egemtv.com\/?p=83471"},"modified":"2026-01-27T20:34:44","modified_gmt":"2026-01-27T17:34:44","slug":"usakta-uyusturucu-operasyonunda-6-kisi-tutuklandi","status":"publish","type":"post","link":"https:\/\/www.egemtv.com\/?p=83471","title":{"rendered":"U\u015fak\u2019ta uyu\u015fturucu operasyonunda 6 ki\u015fi tutukland\u0131"},"content":{"rendered":"<p>U\u015fak\u2019ta 2 ayr\u0131 uyu\u015fturucu operasyonunda g\u00f6zalt\u0131na al\u0131nan 6 \u015f\u00fcpheli \u00e7\u0131kar\u0131ld\u0131klar\u0131 mahkemece tutukland\u0131.<br \/>\n<br \/>U\u015fak \u0130l Emniyet M\u00fcd\u00fcrl\u00fc\u011f\u00fc Narkotik Su\u00e7larla M\u00fccadele \u015eube M\u00fcd\u00fcrl\u00fc\u011f\u00fc ekipleri, &#8220;Uyu\u015fturucu Madde Ticareti&#8221; ile m\u00fccadele kapsam\u0131nda il merkezinde 2 ayr\u0131 operasyon ger\u00e7ekle\u015ftirdi. Yap\u0131lan aramalarda 5 bin 294 adet sentetik ecza ele ge\u00e7irildi. Operasyon kapsam\u0131nda 6 \u015f\u00fcpheli g\u00f6zalt\u0131na al\u0131nd\u0131.<br \/>\n<br \/>Emniyetteki i\u015flemlerinin ard\u0131ndan adliyeye sevk edilen 6 \u015f\u00fcpheli \u00e7\u0131kar\u0131ld\u0131klar\u0131 mahkemece tutukland\u0131.<br \/><\/p>\n","protected":false},"excerpt":{"rendered":"<p>U\u015fak\u2019ta 2 ayr\u0131 uyu\u015fturucu operasyonunda g\u00f6zalt\u0131na al\u0131nan 6 \u015f\u00fcpheli \u00e7\u0131kar\u0131ld\u0131klar\u0131 mahkemece tutukland\u0131. U\u015fak \u0130l Emniyet M\u00fcd\u00fcrl\u00fc\u011f\u00fc Narkotik Su\u00e7larla M\u00fccadele \u015eube M\u00fcd\u00fcrl\u00fc\u011f\u00fc ekipleri, &#8220;Uyu\u015fturucu Madde Ticareti&#8221; ile m\u00fccadele kapsam\u0131nda il merkezinde 2 ayr\u0131 operasyon ger\u00e7ekle\u015ftirdi. Yap\u0131lan aramalarda 5 bin 294 adet sentetik ecza ele ge\u00e7irildi. Operasyon kapsam\u0131nda 6 \u015f\u00fcpheli g\u00f6zalt\u0131na al\u0131nd\u0131. Emniyetteki i\u015flemlerinin ard\u0131ndan adliyeye sevk&#8230;<\/p>\n","protected":false},"author":1,"featured_media":83472,"comment_status":"open","ping_status":"open","sticky":false,"template":"","format":"standard","meta":{"_crdt_document":"","footnotes":""},"categories":[5],"tags":[],"class_list":["post-83471","post","type-post","status-publish","format-standard","has-post-thumbnail","hentry","category-asayis"],"_links":{"self":[{"href":"https:\/\/www.egemtv.com\/index.php?rest_route=\/wp\/v2\/posts\/83471","targetHints":{"allow":["GET"]}}],"collection":[{"href":"https:\/\/www.egemtv.com\/index.php?rest_route=\/wp\/v2\/posts"}],"about":[{"href":"https:\/\/www.egemtv.com\/index.php?rest_route=\/wp\/v2\/types\/post"}],"author":[{"embeddable":true,"href":"https:\/\/www.egemtv.com\/index.php?rest_route=\/wp\/v2\/users\/1"}],"replies":[{"embeddable":true,"href":"https:\/\/www.egemtv.com\/index.php?rest_route=%2Fwp%2Fv2%2Fcomments&post=83471"}],"version-history":[{"count":1,"href":"https:\/\/www.egemtv.com\/index.php?rest_route=\/wp\/v2\/posts\/83471\/revisions"}],"predecessor-version":[{"id":83473,"href":"https:\/\/www.egemtv.com\/index.php?rest_route=\/wp\/v2\/posts\/83471\/revisions\/83473"}],"wp:featuredmedia":[{"embeddable":true,"href":"https:\/\/www.egemtv.com\/index.php?rest_route=\/wp\/v2\/media\/83472"}],"wp:attachment":[{"href":"https:\/\/www.egemtv.com\/index.php?rest_route=%2Fwp%2Fv2%2Fmedia&parent=83471"}],"wp:term":[{"taxonomy":"category","embeddable":true,"href":"https:\/\/www.egemtv.com\/index.php?rest_route=%2Fwp%2Fv2%2Fcategories&post=83471"},{"taxonomy":"post_tag","embeddable":true,"href":"https:\/\/www.egemtv.com\/index.php?rest_route=%2Fwp%2Fv2%2Ftags&post=83471"}],"curies":[{"name":"wp","href":"https:\/\/api.w.org\/{rel}","templated":true}]}}