{"id":83468,"date":"2026-01-27T20:14:58","date_gmt":"2026-01-27T17:14:58","guid":{"rendered":"https:\/\/www.egemtv.com\/?p=83468"},"modified":"2026-01-27T20:14:59","modified_gmt":"2026-01-27T17:14:59","slug":"kusadasinda-dereye-devrilen-cam-agaci-dere-yatagini-tikadi-belediye-ekipleri-seferber-oldu","status":"publish","type":"post","link":"https:\/\/www.egemtv.com\/?p=83468","title":{"rendered":"Ku\u015fadas\u0131\u2019nda dereye devrilen \u00e7am a\u011fac\u0131 dere yata\u011f\u0131n\u0131 t\u0131kad\u0131, belediye ekipleri seferber oldu"},"content":{"rendered":"<p>G\u00fczel\u00e7aml\u0131 Mahallesi\u2019nde g\u00fcnlerdir s\u00fcren ya\u011f\u0131\u015flar nedeniyle k\u00f6klerinden koparak dere yata\u011f\u0131na devrilen \u00e7am a\u011fac\u0131, k\u00f6pr\u00fc ve yolda maddi hasara yol a\u00e7t\u0131. Dere yata\u011f\u0131n\u0131n kapanmas\u0131yla artan ta\u015fk\u0131n riski, belediye ekiplerinin h\u0131zl\u0131 m\u00fcdahalesiyle giderildi.<\/p>\n<p>G\u00fczel\u00e7aml\u0131 Mahallesi \u00dcnal \u00d6zg\u00f6dek Caddesi \u00fczerinde bulunan dere yata\u011f\u0131nda, g\u00fcnlerdir aral\u0131ks\u0131z devam eden ya\u011f\u0131\u015flar nedeniyle toprak yap\u0131s\u0131n\u0131n gev\u015femesi sonucu k\u00f6klerinden ayr\u0131lan b\u00fcy\u00fck bir \u00e7am a\u011fac\u0131 dere i\u00e7erisine devrildi. Devrilme an\u0131nda dere \u00fczerindeki k\u00f6pr\u00fcde ve yolda da maddi hasar olu\u015furken, dere yata\u011f\u0131n\u0131n kapanmas\u0131 ta\u015fk\u0131n riskini ciddi \u00f6l\u00e7\u00fcde art\u0131rd\u0131. \u0130hbar\u0131n ard\u0131ndan h\u0131zla olay yerine intikal eden Ku\u015fadas\u0131 Belediyesi Park ve Bah\u00e7eler M\u00fcd\u00fcrl\u00fc\u011f\u00fc ekipleri, zamanla yar\u0131\u015farak \u00e7al\u0131\u015fmalara ba\u015flad\u0131. Devam eden ya\u011f\u0131\u015flara ra\u011fmen \u00f6zveriyle y\u00fcr\u00fct\u00fclen \u00e7al\u0131\u015fmalarda, dereyi ve yolu tamamen kapatan \u00e7am a\u011fac\u0131 par\u00e7alara ayr\u0131larak kald\u0131r\u0131ld\u0131. Ekipler, hem yaya hem de ara\u00e7 trafi\u011finin g\u00fcvenli\u011fini sa\u011flarken, dere yata\u011f\u0131n\u0131n yeniden a\u00e7\u0131lmas\u0131yla birlikte muhtemel bir su ta\u015fk\u0131n\u0131n\u0131n da \u00f6n\u00fcne ge\u00e7ti. Ger\u00e7ekle\u015ftirilen m\u00fcdahale sayesinde b\u00f6lgede ya\u015fam\u0131n k\u0131sa s\u00fcrede normale d\u00f6nmesi sa\u011flan\u0131rken, Ku\u015fadas\u0131 Belediyesi ekiplerinin h\u0131zl\u0131 refleksi ve koordineli \u00e7al\u0131\u015fmas\u0131 bir kez daha takdir toplad\u0131. Belediye yetkilileri, \u00f6zellikle ya\u011f\u0131\u015fl\u0131 d\u00f6nemlerde dere yataklar\u0131 ve riskli b\u00f6lgelerde kontrollerin aral\u0131ks\u0131z s\u00fcrd\u00fcr\u00fclece\u011fini vurgulayarak, vatanda\u015flar\u0131 da tehlikelere kar\u015f\u0131 dikkatli olmalar\u0131 konusunda uyard\u0131.<br \/><\/p>\n","protected":false},"excerpt":{"rendered":"<p>G\u00fczel\u00e7aml\u0131 Mahallesi\u2019nde g\u00fcnlerdir s\u00fcren ya\u011f\u0131\u015flar nedeniyle k\u00f6klerinden koparak dere yata\u011f\u0131na devrilen \u00e7am a\u011fac\u0131, k\u00f6pr\u00fc ve yolda maddi hasara yol a\u00e7t\u0131. Dere yata\u011f\u0131n\u0131n kapanmas\u0131yla artan ta\u015fk\u0131n riski, belediye ekiplerinin h\u0131zl\u0131 m\u00fcdahalesiyle giderildi. G\u00fczel\u00e7aml\u0131 Mahallesi \u00dcnal \u00d6zg\u00f6dek Caddesi \u00fczerinde bulunan dere yata\u011f\u0131nda, g\u00fcnlerdir aral\u0131ks\u0131z devam eden ya\u011f\u0131\u015flar nedeniyle toprak yap\u0131s\u0131n\u0131n gev\u015femesi sonucu k\u00f6klerinden ayr\u0131lan b\u00fcy\u00fck bir \u00e7am&#8230;<\/p>\n","protected":false},"author":1,"featured_media":83469,"comment_status":"open","ping_status":"open","sticky":false,"template":"","format":"standard","meta":{"_crdt_document":"","footnotes":""},"categories":[1],"tags":[],"class_list":["post-83468","post","type-post","status-publish","format-standard","has-post-thumbnail","hentry","category-guncel"],"_links":{"self":[{"href":"https:\/\/www.egemtv.com\/index.php?rest_route=\/wp\/v2\/posts\/83468","targetHints":{"allow":["GET"]}}],"collection":[{"href":"https:\/\/www.egemtv.com\/index.php?rest_route=\/wp\/v2\/posts"}],"about":[{"href":"https:\/\/www.egemtv.com\/index.php?rest_route=\/wp\/v2\/types\/post"}],"author":[{"embeddable":true,"href":"https:\/\/www.egemtv.com\/index.php?rest_route=\/wp\/v2\/users\/1"}],"replies":[{"embeddable":true,"href":"https:\/\/www.egemtv.com\/index.php?rest_route=%2Fwp%2Fv2%2Fcomments&post=83468"}],"version-history":[{"count":1,"href":"https:\/\/www.egemtv.com\/index.php?rest_route=\/wp\/v2\/posts\/83468\/revisions"}],"predecessor-version":[{"id":83470,"href":"https:\/\/www.egemtv.com\/index.php?rest_route=\/wp\/v2\/posts\/83468\/revisions\/83470"}],"wp:featuredmedia":[{"embeddable":true,"href":"https:\/\/www.egemtv.com\/index.php?rest_route=\/wp\/v2\/media\/83469"}],"wp:attachment":[{"href":"https:\/\/www.egemtv.com\/index.php?rest_route=%2Fwp%2Fv2%2Fmedia&parent=83468"}],"wp:term":[{"taxonomy":"category","embeddable":true,"href":"https:\/\/www.egemtv.com\/index.php?rest_route=%2Fwp%2Fv2%2Fcategories&post=83468"},{"taxonomy":"post_tag","embeddable":true,"href":"https:\/\/www.egemtv.com\/index.php?rest_route=%2Fwp%2Fv2%2Ftags&post=83468"}],"curies":[{"name":"wp","href":"https:\/\/api.w.org\/{rel}","templated":true}]}}