{"id":83465,"date":"2026-01-27T18:37:31","date_gmt":"2026-01-27T15:37:31","guid":{"rendered":"https:\/\/www.egemtv.com\/?p=83465"},"modified":"2026-01-27T18:37:32","modified_gmt":"2026-01-27T15:37:32","slug":"tahliye-esnasinda-kiracinin-binayi-yakarim-iddiasi-ekipleri-harekete-gecirdi","status":"publish","type":"post","link":"https:\/\/www.egemtv.com\/?p=83465","title":{"rendered":"Tahliye esnas\u0131nda kirac\u0131n\u0131n \u2019binay\u0131 yakar\u0131m\u2019 iddias\u0131 ekipleri harekete ge\u00e7irdi"},"content":{"rendered":"<p>Ayd\u0131n\u2019\u0131n Nazilli il\u00e7esinde ev sahibi ile kirac\u0131 aras\u0131nda ya\u015fanan tahliye gerginli\u011finde, &#8220;binay\u0131 yakar\u0131m&#8221; iddias\u0131 \u00fczerine polis, itfaiye ve sa\u011fl\u0131k ekiplerini harekete ge\u00e7irdi. Y\u00fcksek kira art\u0131\u015f\u0131na sitem eden kirac\u0131, &#8220;Karde\u015flik b\u00f6yle olmamal\u0131&#8221; dedi.<br \/>\n<br \/>Olay, Nazilli Y\u0131ld\u0131ztepe Mahallesi 80. Sokak \u00fczerinde meydana geldi. Edinilen bilgiye g\u00f6re, iki katl\u0131 binan\u0131n birinci kat\u0131nda ya\u015fayan Azerbaycan uyruklu Z.S. ile ev sahibi A.Y. aras\u0131nda uzun s\u00fcredir ya\u015fanan uyu\u015fmazl\u0131k yarg\u0131ya ta\u015f\u0131nd\u0131. Ev kiras\u0131n\u0131n 20 bin TL\u2019ye y\u00fckseltilmek istendi\u011fi iddias\u0131 \u00fczerine anla\u015famad\u0131klar\u0131 ifade eden kirac\u0131 Z.S., icra memurlar\u0131 ile eve gelen ev sahibine kap\u0131y\u0131 a\u00e7mad\u0131. Ya\u015fanan gerginlik s\u0131ras\u0131nda Z.S.\u2019nin \u2019binay\u0131 yakar\u0131m\u2019 iddias\u0131 \u00fczerine olay yerine itfaiye, sa\u011fl\u0131k ve polis ekipleri sevk edildi. K\u0131sa s\u00fcrede olay yerine gelen ekipler, \u00e7evrede g\u00fcvenlik \u00f6nlemi ald\u0131.<br \/>\n<br \/>Pencereden ba\u011f\u0131rarak ya\u015fad\u0131klar\u0131n\u0131 anlatan Z.S., 2021 y\u0131l\u0131nda eve ta\u015f\u0131nd\u0131\u011f\u0131n\u0131 belirterek, ba\u015flang\u0131\u00e7ta ev sahibiyle aile ortam\u0131 vaadiyle anla\u015ft\u0131klar\u0131n\u0131 s\u00f6yledi. \u0130ki k\u0131z\u0131n\u0131n oldu\u011funu dile getiren Z.S., ev sahibinin k\u0131zlar\u0131n\u0131 eve kabul etmedi\u011fini, su ve elektri\u011fin ortak kullan\u0131laca\u011f\u0131 s\u00f6ylenmesine ra\u011fmen kendisinden fazla \u00fccret al\u0131nd\u0131\u011f\u0131n\u0131 iddia etti. Ev sahibinin k\u0131z\u0131n\u0131n kendisinden 20 bin TL talep etti\u011fini iddia eden Z.S., &#8220;85 milyona sesleniyorum, bu ev 20 bin TL eder mi?&#8221; diyerek kira art\u0131\u015f\u0131na sitem etti.<br \/>\n<br \/>Hurdac\u0131l\u0131k yaparak ge\u00e7imini sa\u011flad\u0131\u011f\u0131n\u0131 ve kanuni oturma izninin bulundu\u011funu ifade eden Z.S., evden \u00e7\u0131kmas\u0131 isteniyorsa ta\u015f\u0131nma masraflar\u0131n\u0131n kar\u015f\u0131lanmas\u0131 gerekti\u011fini savunarak, &#8220;Mahkemenin karar\u0131na sayg\u0131m var, boynumuz k\u0131ldan incedir. Ancak benden fazladan al\u0131nan paralar iade edilmeli. Ma\u011fdur olan benim&#8221; dedi.<br \/>\n<br \/>Olay yerine gelen ekiplerle yap\u0131lan g\u00f6r\u00fc\u015fmelerin ard\u0131ndan kirac\u0131 ikna edilirken, kendisine ek s\u00fcre tan\u0131nd\u0131.<br \/><\/p>\n","protected":false},"excerpt":{"rendered":"<p>Ayd\u0131n\u2019\u0131n Nazilli il\u00e7esinde ev sahibi ile kirac\u0131 aras\u0131nda ya\u015fanan tahliye gerginli\u011finde, &#8220;binay\u0131 yakar\u0131m&#8221; iddias\u0131 \u00fczerine polis, itfaiye ve sa\u011fl\u0131k ekiplerini harekete ge\u00e7irdi. Y\u00fcksek kira art\u0131\u015f\u0131na sitem eden kirac\u0131, &#8220;Karde\u015flik b\u00f6yle olmamal\u0131&#8221; dedi. Olay, Nazilli Y\u0131ld\u0131ztepe Mahallesi 80. Sokak \u00fczerinde meydana geldi. Edinilen bilgiye g\u00f6re, iki katl\u0131 binan\u0131n birinci kat\u0131nda ya\u015fayan Azerbaycan uyruklu Z.S. ile ev&#8230;<\/p>\n","protected":false},"author":1,"featured_media":83466,"comment_status":"open","ping_status":"open","sticky":false,"template":"","format":"standard","meta":{"_crdt_document":"","footnotes":""},"categories":[5],"tags":[],"class_list":["post-83465","post","type-post","status-publish","format-standard","has-post-thumbnail","hentry","category-asayis"],"_links":{"self":[{"href":"https:\/\/www.egemtv.com\/index.php?rest_route=\/wp\/v2\/posts\/83465","targetHints":{"allow":["GET"]}}],"collection":[{"href":"https:\/\/www.egemtv.com\/index.php?rest_route=\/wp\/v2\/posts"}],"about":[{"href":"https:\/\/www.egemtv.com\/index.php?rest_route=\/wp\/v2\/types\/post"}],"author":[{"embeddable":true,"href":"https:\/\/www.egemtv.com\/index.php?rest_route=\/wp\/v2\/users\/1"}],"replies":[{"embeddable":true,"href":"https:\/\/www.egemtv.com\/index.php?rest_route=%2Fwp%2Fv2%2Fcomments&post=83465"}],"version-history":[{"count":1,"href":"https:\/\/www.egemtv.com\/index.php?rest_route=\/wp\/v2\/posts\/83465\/revisions"}],"predecessor-version":[{"id":83467,"href":"https:\/\/www.egemtv.com\/index.php?rest_route=\/wp\/v2\/posts\/83465\/revisions\/83467"}],"wp:featuredmedia":[{"embeddable":true,"href":"https:\/\/www.egemtv.com\/index.php?rest_route=\/wp\/v2\/media\/83466"}],"wp:attachment":[{"href":"https:\/\/www.egemtv.com\/index.php?rest_route=%2Fwp%2Fv2%2Fmedia&parent=83465"}],"wp:term":[{"taxonomy":"category","embeddable":true,"href":"https:\/\/www.egemtv.com\/index.php?rest_route=%2Fwp%2Fv2%2Fcategories&post=83465"},{"taxonomy":"post_tag","embeddable":true,"href":"https:\/\/www.egemtv.com\/index.php?rest_route=%2Fwp%2Fv2%2Ftags&post=83465"}],"curies":[{"name":"wp","href":"https:\/\/api.w.org\/{rel}","templated":true}]}}