{"id":83462,"date":"2026-01-27T17:55:09","date_gmt":"2026-01-27T14:55:09","guid":{"rendered":"https:\/\/www.egemtv.com\/?p=83462"},"modified":"2026-01-27T17:55:10","modified_gmt":"2026-01-27T14:55:10","slug":"mezarlikta-agaca-asili-halde-bulundu","status":"publish","type":"post","link":"https:\/\/www.egemtv.com\/?p=83462","title":{"rendered":"Mezarl\u0131kta a\u011faca as\u0131l\u0131 halde bulundu"},"content":{"rendered":"<p>Ayd\u0131n\u2019\u0131n Nazilli il\u00e7esindeki sinemada kantin i\u015fleten 52 ya\u015f\u0131ndaki Veli G\u00f6n\u00fclo\u011flu, Kuyucak\u2019taki mezarl\u0131kta a\u011faca as\u0131l\u0131 halde bulundu.<\/p>\n<p>Edinilen bilgilere g\u00f6re, Kuyucak\u2019ta a\u011fa\u00e7ta as\u0131l\u0131 halde birinin oldu\u011funu g\u00f6ren vatanda\u015flar durumu 112 Acil \u00c7a\u011fr\u0131 Merkezi\u2019ne bildirdi. \u0130hbar \u00fczerine olay yerine jandarma ve sa\u011fl\u0131k ekipleri sevk edildi. Sa\u011fl\u0131k ekipleri taraf\u0131ndan yap\u0131lan incelemede \u015fahs\u0131n hayat\u0131n\u0131 kaybetti\u011fi belirlendi. Hayat\u0131n\u0131 kaybeden \u015fahs\u0131n, Nazilli\u2019deki sinemada kantin i\u015fleten 52 ya\u015f\u0131nda ve bekar olan Veli G\u00f6n\u00fclo\u011flu oldu\u011fu tespit edildi. Olay yerinde yap\u0131lan incelemenin ard\u0131ndan G\u00f6n\u00fclo\u011flu\u2019nun cans\u0131z bedeni hastane morguna kald\u0131r\u0131ld\u0131. G\u00f6n\u00fclo\u011flu\u2019nun kesin \u00f6l\u00fcm nedeninin yap\u0131lacak olan otopsinin ard\u0131ndan belirlenece\u011fi \u00f6\u011frenildi.<\/p>\n<p>Olayla ilgili soru\u015fturma s\u00fcr\u00fcyor.<br \/><\/p>\n","protected":false},"excerpt":{"rendered":"<p>Ayd\u0131n\u2019\u0131n Nazilli il\u00e7esindeki sinemada kantin i\u015fleten 52 ya\u015f\u0131ndaki Veli G\u00f6n\u00fclo\u011flu, Kuyucak\u2019taki mezarl\u0131kta a\u011faca as\u0131l\u0131 halde bulundu. Edinilen bilgilere g\u00f6re, Kuyucak\u2019ta a\u011fa\u00e7ta as\u0131l\u0131 halde birinin oldu\u011funu g\u00f6ren vatanda\u015flar durumu 112 Acil \u00c7a\u011fr\u0131 Merkezi\u2019ne bildirdi. \u0130hbar \u00fczerine olay yerine jandarma ve sa\u011fl\u0131k ekipleri sevk edildi. Sa\u011fl\u0131k ekipleri taraf\u0131ndan yap\u0131lan incelemede \u015fahs\u0131n hayat\u0131n\u0131 kaybetti\u011fi belirlendi. Hayat\u0131n\u0131 kaybeden \u015fahs\u0131n,&#8230;<\/p>\n","protected":false},"author":1,"featured_media":83463,"comment_status":"open","ping_status":"open","sticky":false,"template":"","format":"standard","meta":{"_crdt_document":"","footnotes":""},"categories":[1],"tags":[],"class_list":["post-83462","post","type-post","status-publish","format-standard","has-post-thumbnail","hentry","category-guncel"],"_links":{"self":[{"href":"https:\/\/www.egemtv.com\/index.php?rest_route=\/wp\/v2\/posts\/83462","targetHints":{"allow":["GET"]}}],"collection":[{"href":"https:\/\/www.egemtv.com\/index.php?rest_route=\/wp\/v2\/posts"}],"about":[{"href":"https:\/\/www.egemtv.com\/index.php?rest_route=\/wp\/v2\/types\/post"}],"author":[{"embeddable":true,"href":"https:\/\/www.egemtv.com\/index.php?rest_route=\/wp\/v2\/users\/1"}],"replies":[{"embeddable":true,"href":"https:\/\/www.egemtv.com\/index.php?rest_route=%2Fwp%2Fv2%2Fcomments&post=83462"}],"version-history":[{"count":1,"href":"https:\/\/www.egemtv.com\/index.php?rest_route=\/wp\/v2\/posts\/83462\/revisions"}],"predecessor-version":[{"id":83464,"href":"https:\/\/www.egemtv.com\/index.php?rest_route=\/wp\/v2\/posts\/83462\/revisions\/83464"}],"wp:featuredmedia":[{"embeddable":true,"href":"https:\/\/www.egemtv.com\/index.php?rest_route=\/wp\/v2\/media\/83463"}],"wp:attachment":[{"href":"https:\/\/www.egemtv.com\/index.php?rest_route=%2Fwp%2Fv2%2Fmedia&parent=83462"}],"wp:term":[{"taxonomy":"category","embeddable":true,"href":"https:\/\/www.egemtv.com\/index.php?rest_route=%2Fwp%2Fv2%2Fcategories&post=83462"},{"taxonomy":"post_tag","embeddable":true,"href":"https:\/\/www.egemtv.com\/index.php?rest_route=%2Fwp%2Fv2%2Ftags&post=83462"}],"curies":[{"name":"wp","href":"https:\/\/api.w.org\/{rel}","templated":true}]}}