{"id":83459,"date":"2026-01-27T17:55:09","date_gmt":"2026-01-27T14:55:09","guid":{"rendered":"https:\/\/www.egemtv.com\/?p=83459"},"modified":"2026-01-27T17:55:09","modified_gmt":"2026-01-27T14:55:09","slug":"usak-belediyesi-butce-fazlasi-veren-10-il-belediyesi-arasina-girdi","status":"publish","type":"post","link":"https:\/\/www.egemtv.com\/?p=83459","title":{"rendered":"U\u015fak Belediyesi b\u00fct\u00e7e fazlas\u0131 veren 10 il belediyesi aras\u0131na girdi"},"content":{"rendered":"<p>U\u015fak Belediyesi Hazine ve Maliye Bakanl\u0131\u011f\u0131 verilerine g\u00f6re 2025 y\u0131l\u0131 Belediye B\u00fct\u00e7esi Fazla Veren \u0130ller Haritas\u0131nda U\u015fak Belediyesi ilk 10 belediye aras\u0131na girerek yeni bir ba\u015far\u0131ya daha imza att\u0131.<\/p>\n<p>2025 y\u0131l\u0131 b\u00fct\u00e7e haritas\u0131nda U\u015fak\u2019\u0131n renk skalas\u0131 maviye d\u00f6nerken, U\u015fak Belediyesi \u00f6z kaynaklar\u0131n\u0131 do\u011fru bir \u015fekilde kullanma ve b\u00fct\u00e7e disiplini konular\u0131nda yeniden \u00f6ne \u00e7\u0131kt\u0131. U\u015fak Belediyesi bu veriler \u0131\u015f\u0131\u011f\u0131nda finansal s\u00fcrd\u00fcr\u00fclebilirli\u011fi net \u015fekilde ortaya koyan belediyelerin ba\u015f\u0131n\u0131 \u00e7ekmi\u015f oldu. G\u00f6reve geldi\u011finden bug\u00fcne U\u015fak Belediyesi\u2019nin vizyonunu de\u011fi\u015ftiren ve U\u015fak halk\u0131n\u0131n kalk\u0131nmas\u0131 ile refah\u0131n\u0131 \u00f6nemseyen Belediye Ba\u015fkan\u0131 \u00d6zkan Yal\u0131m; bir kez daha U\u015fak\u2019\u0131n do\u011fru tan\u0131t\u0131lmas\u0131na vesile oldu.<\/p>\n<p>Haberi mutlulukla kar\u015f\u0131lad\u0131klar\u0131n\u0131 ifade eden Ba\u015fkan Yal\u0131m &#8220;\u00c7al\u0131\u015fma arkada\u015flar\u0131m ve benim i\u00e7in en \u00f6nemli \u015fey halk\u0131n paras\u0131n\u0131 yine halk i\u00e7in ve do\u011fru \u015fekilde kullanmak. \u00d6ncelikle g\u00f6reve geldi\u011fimizde belediyenin ara\u00e7lar\u0131 kiral\u0131k ve icral\u0131kt\u0131, biz \u00f6zverili ve ak\u0131ll\u0131 hamlelerimizle bunu ortadan kald\u0131rd\u0131k. Kendi imk\u00e2nlar\u0131m\u0131zla belediyenin b\u00fcnyesine \u00e7ok say\u0131da ara\u00e7 kazand\u0131rd\u0131k. Yine ayn\u0131 \u015fekilde sosyal yard\u0131mlar\u0131 ge\u00e7mi\u015f d\u00f6nemlere g\u00f6re kat kat fazla \u015fekilde ihtiya\u00e7 sahibi ailelere ula\u015ft\u0131rd\u0131k&#8221; dedi. \u0130htiyaca y\u00f6nelik hizmetleri baz alarak sosyal belediyecili\u011fi U\u015fak halk\u0131yla tan\u0131\u015ft\u0131rd\u0131klar\u0131n\u0131 anlatan Ba\u015fkan Yal\u0131m; &#8220;Sonu\u00e7 olarak geldi\u011fimiz noktada U\u015fak Belediyesi\u2019nin ve U\u015fak halk\u0131n\u0131n ba\u015far\u0131lar\u0131n\u0131 g\u00f6r\u00fcyoruz. Biz bu d\u00fcsturla hareket etmeye ve hizmetlerimizi ayn\u0131 sorumluluk bilinciyle ger\u00e7ekle\u015ftirmeye devam edece\u011fiz. Ben tekrar bu ba\u015far\u0131y\u0131 kutluyorum ve halk\u0131m\u0131za hak etti\u011fi g\u00fczellikte bir kenti hep birlikte in\u015fa etme s\u00f6z\u00fc veriyorum&#8221; dedi.<\/p>\n<p>\u00d6te yandan Ba\u015fkan Yal\u0131m belediye b\u00fct\u00e7esini \u015feffafl\u0131k ilkesiyle y\u00f6nettiklerini dile getirerek &#8220;Biz hizmetlerimizi yaparken hi\u00e7bir engeli sorun etmeden \u00e7al\u0131\u015fmalar\u0131m\u0131za devam ettik. \u00d6nceki d\u00f6nemde olu\u015fan bor\u00e7lar\u0131 \u00f6demeye devam ederken bir taraftan da hem\u015ferilerimize hizmet g\u00f6t\u00fcrmek i\u00e7in u\u011fra\u015f\u0131yoruz. U\u015fak\u2019\u0131n tan\u0131t\u0131m\u0131 i\u00e7in geli\u015ftirdi\u011fimiz projelerin d\u0131\u015f\u0131nda \u015fehrimizin alt yap\u0131 ve \u00fcst yap\u0131 sorunlar\u0131na kar\u015f\u0131 \u00e7\u00f6z\u00fcmler \u00fcretmeye \u00e7al\u0131\u015f\u0131yoruz. Bu \u00e7al\u0131\u015fmalar\u0131 yaparken t\u00fcm vatanda\u015flar\u0131m\u0131z\u0131n g\u00f6rebilece\u011fi \u015fekilde b\u00fct\u00e7emizi y\u00f6netiyor ve payla\u015f\u0131yoruz&#8221; dedi.<\/p>\n<p>Bu ba\u011flamda do\u011fru b\u00fct\u00e7e y\u00f6netimi sayesinde gelecek g\u00fcnlerde vizyon projelerini hayata ge\u00e7ireceklerinin alt\u0131n\u0131 \u00e7izen Ba\u015fkan Yal\u0131m; &#8220;Yeni Otogar, Mende Pazar\u0131 \u00e7evre d\u00fczenlemesi, \u00c7ar\u015famba Pazar\u0131 yenileme \u00e7al\u0131\u015fmalar\u0131 gibi hizmetlerle \u015fehrimizin \u00e7ehresini her t\u00fcrl\u00fc engele ra\u011fmen de\u011fi\u015ftirece\u011fiz. \u00c7\u00fcnk\u00fc hem\u015ferilerimiz her \u015feyin en iyisini hak ediyor. \u00c7\u00fcnk\u00fc bizim sevdam\u0131z U\u015fak&#8221; ifadelerini kulland\u0131.<br \/><\/p>\n","protected":false},"excerpt":{"rendered":"<p>U\u015fak Belediyesi Hazine ve Maliye Bakanl\u0131\u011f\u0131 verilerine g\u00f6re 2025 y\u0131l\u0131 Belediye B\u00fct\u00e7esi Fazla Veren \u0130ller Haritas\u0131nda U\u015fak Belediyesi ilk 10 belediye aras\u0131na girerek yeni bir ba\u015far\u0131ya daha imza att\u0131. 2025 y\u0131l\u0131 b\u00fct\u00e7e haritas\u0131nda U\u015fak\u2019\u0131n renk skalas\u0131 maviye d\u00f6nerken, U\u015fak Belediyesi \u00f6z kaynaklar\u0131n\u0131 do\u011fru bir \u015fekilde kullanma ve b\u00fct\u00e7e disiplini konular\u0131nda yeniden \u00f6ne \u00e7\u0131kt\u0131. U\u015fak Belediyesi&#8230;<\/p>\n","protected":false},"author":1,"featured_media":83460,"comment_status":"open","ping_status":"open","sticky":false,"template":"","format":"standard","meta":{"_crdt_document":"","footnotes":""},"categories":[127],"tags":[],"class_list":["post-83459","post","type-post","status-publish","format-standard","has-post-thumbnail","hentry","category-siyaset"],"_links":{"self":[{"href":"https:\/\/www.egemtv.com\/index.php?rest_route=\/wp\/v2\/posts\/83459","targetHints":{"allow":["GET"]}}],"collection":[{"href":"https:\/\/www.egemtv.com\/index.php?rest_route=\/wp\/v2\/posts"}],"about":[{"href":"https:\/\/www.egemtv.com\/index.php?rest_route=\/wp\/v2\/types\/post"}],"author":[{"embeddable":true,"href":"https:\/\/www.egemtv.com\/index.php?rest_route=\/wp\/v2\/users\/1"}],"replies":[{"embeddable":true,"href":"https:\/\/www.egemtv.com\/index.php?rest_route=%2Fwp%2Fv2%2Fcomments&post=83459"}],"version-history":[{"count":1,"href":"https:\/\/www.egemtv.com\/index.php?rest_route=\/wp\/v2\/posts\/83459\/revisions"}],"predecessor-version":[{"id":83461,"href":"https:\/\/www.egemtv.com\/index.php?rest_route=\/wp\/v2\/posts\/83459\/revisions\/83461"}],"wp:featuredmedia":[{"embeddable":true,"href":"https:\/\/www.egemtv.com\/index.php?rest_route=\/wp\/v2\/media\/83460"}],"wp:attachment":[{"href":"https:\/\/www.egemtv.com\/index.php?rest_route=%2Fwp%2Fv2%2Fmedia&parent=83459"}],"wp:term":[{"taxonomy":"category","embeddable":true,"href":"https:\/\/www.egemtv.com\/index.php?rest_route=%2Fwp%2Fv2%2Fcategories&post=83459"},{"taxonomy":"post_tag","embeddable":true,"href":"https:\/\/www.egemtv.com\/index.php?rest_route=%2Fwp%2Fv2%2Ftags&post=83459"}],"curies":[{"name":"wp","href":"https:\/\/api.w.org\/{rel}","templated":true}]}}