{"id":83456,"date":"2026-01-27T17:35:39","date_gmt":"2026-01-27T14:35:39","guid":{"rendered":"https:\/\/www.egemtv.com\/?p=83456"},"modified":"2026-01-27T17:35:41","modified_gmt":"2026-01-27T14:35:41","slug":"adu-yolu-arac-trafigine-kapatiliyor","status":"publish","type":"post","link":"https:\/\/www.egemtv.com\/?p=83456","title":{"rendered":"AD\u00dc yolu ara\u00e7 trafi\u011fine kapat\u0131l\u0131yor"},"content":{"rendered":"<p>Ayd\u0131n Adnan Menderes \u00dcniversitesi (AD\u00dc), Merkez Kamp\u00fcs KYK Yolu\u2019nda yap\u0131lacak tadilat \u00e7al\u0131\u015fmalar\u0131 nedeniyle yolun yar\u0131ndan itibaren ge\u00e7ici olarak trafi\u011fe kapat\u0131laca\u011f\u0131n\u0131 duyurdu.<\/p>\n<p>Ayd\u0131n Adnan Menderes \u00dcniversitesi i\u00e7erisinde bulunan Merkez Kamp\u00fcs KYK Yolu\u2019nun ge\u00e7ici olarak trafi\u011fe kapat\u0131laca\u011f\u0131n\u0131 duyurdu. Ayd\u0131n Adnan Menderes \u00dcniversitesi\u2019nden yap\u0131lan a\u00e7\u0131klamada &#8220;Merkez Kamp\u00fcs KYK Yolu\u2019nda y\u00fcr\u00fct\u00fclecek tadilat \u00e7al\u0131\u015fmalar\u0131 nedeniyle, 28 Ocak 2026 tarihinden itibaren s\u00f6z konusu g\u00fczergah ge\u00e7ici olarak ara\u00e7 trafi\u011fine kapat\u0131lacakt\u0131r. \u00c7al\u0131\u015fmalar s\u00fcresince, \u00f6zel halk otob\u00fcsleri ve belediye otob\u00fcslerini kullanan \u00f6\u011frenci ve personelimiz, AD\u00dc \u00c7ar\u015f\u0131 Dura\u011f\u0131\u2019nda inerek ring servisleri arac\u0131l\u0131\u011f\u0131yla KYK yurtlar\u0131na ula\u015f\u0131m sa\u011flayabilecektir&#8221; ifadeleri yer ald\u0131.<br \/><\/p>\n","protected":false},"excerpt":{"rendered":"<p>Ayd\u0131n Adnan Menderes \u00dcniversitesi (AD\u00dc), Merkez Kamp\u00fcs KYK Yolu\u2019nda yap\u0131lacak tadilat \u00e7al\u0131\u015fmalar\u0131 nedeniyle yolun yar\u0131ndan itibaren ge\u00e7ici olarak trafi\u011fe kapat\u0131laca\u011f\u0131n\u0131 duyurdu. Ayd\u0131n Adnan Menderes \u00dcniversitesi i\u00e7erisinde bulunan Merkez Kamp\u00fcs KYK Yolu\u2019nun ge\u00e7ici olarak trafi\u011fe kapat\u0131laca\u011f\u0131n\u0131 duyurdu. Ayd\u0131n Adnan Menderes \u00dcniversitesi\u2019nden yap\u0131lan a\u00e7\u0131klamada &#8220;Merkez Kamp\u00fcs KYK Yolu\u2019nda y\u00fcr\u00fct\u00fclecek tadilat \u00e7al\u0131\u015fmalar\u0131 nedeniyle, 28 Ocak 2026 tarihinden itibaren&#8230;<\/p>\n","protected":false},"author":1,"featured_media":83457,"comment_status":"open","ping_status":"open","sticky":false,"template":"","format":"standard","meta":{"_crdt_document":"","footnotes":""},"categories":[1],"tags":[],"class_list":["post-83456","post","type-post","status-publish","format-standard","has-post-thumbnail","hentry","category-guncel"],"_links":{"self":[{"href":"https:\/\/www.egemtv.com\/index.php?rest_route=\/wp\/v2\/posts\/83456","targetHints":{"allow":["GET"]}}],"collection":[{"href":"https:\/\/www.egemtv.com\/index.php?rest_route=\/wp\/v2\/posts"}],"about":[{"href":"https:\/\/www.egemtv.com\/index.php?rest_route=\/wp\/v2\/types\/post"}],"author":[{"embeddable":true,"href":"https:\/\/www.egemtv.com\/index.php?rest_route=\/wp\/v2\/users\/1"}],"replies":[{"embeddable":true,"href":"https:\/\/www.egemtv.com\/index.php?rest_route=%2Fwp%2Fv2%2Fcomments&post=83456"}],"version-history":[{"count":1,"href":"https:\/\/www.egemtv.com\/index.php?rest_route=\/wp\/v2\/posts\/83456\/revisions"}],"predecessor-version":[{"id":83458,"href":"https:\/\/www.egemtv.com\/index.php?rest_route=\/wp\/v2\/posts\/83456\/revisions\/83458"}],"wp:featuredmedia":[{"embeddable":true,"href":"https:\/\/www.egemtv.com\/index.php?rest_route=\/wp\/v2\/media\/83457"}],"wp:attachment":[{"href":"https:\/\/www.egemtv.com\/index.php?rest_route=%2Fwp%2Fv2%2Fmedia&parent=83456"}],"wp:term":[{"taxonomy":"category","embeddable":true,"href":"https:\/\/www.egemtv.com\/index.php?rest_route=%2Fwp%2Fv2%2Fcategories&post=83456"},{"taxonomy":"post_tag","embeddable":true,"href":"https:\/\/www.egemtv.com\/index.php?rest_route=%2Fwp%2Fv2%2Ftags&post=83456"}],"curies":[{"name":"wp","href":"https:\/\/api.w.org\/{rel}","templated":true}]}}