{"id":83453,"date":"2026-01-27T17:35:39","date_gmt":"2026-01-27T14:35:39","guid":{"rendered":"https:\/\/www.egemtv.com\/?p=83453"},"modified":"2026-01-27T17:35:39","modified_gmt":"2026-01-27T14:35:39","slug":"menderes-bulvarindaki-modern-yaya-ust-gecidi-aciliyor","status":"publish","type":"post","link":"https:\/\/www.egemtv.com\/?p=83453","title":{"rendered":"Menderes Bulvar\u0131ndaki modern yaya \u00fcst ge\u00e7idi a\u00e7\u0131l\u0131yor"},"content":{"rendered":"<p>Denizli B\u00fcy\u00fck\u015fehir Belediyesi ile Baltal\u0131 Grup aras\u0131nda imzalanan protokol kapsam\u0131nda, Menderes Bulvar\u0131 \u00fczerinde in\u015fa edilen modern \u00fcst ge\u00e7it, 28 Ocak \u00c7ar\u015famba g\u00fcn\u00fc saat 13.00\u2019te d\u00fczenlenecek t\u00f6renle hizmete a\u00e7\u0131lacak.<\/p>\n<p>Kentte yaya g\u00fcvenli\u011fini art\u0131rmak ve ula\u015f\u0131m\u0131 daha g\u00fcvenli hale getirmek amac\u0131yla hayata ge\u00e7irilen Bat\u0131 Ege GYO \u00dcst Ge\u00e7idi, her iki taraf\u0131nda bulunan asans\u00f6r ve merdivenleriyle \u00f6zellikle ya\u015fl\u0131lar, engelliler ve \u00e7ocuklu aileler i\u00e7in g\u00fcvenli ve konforlu bir ge\u00e7i\u015f imkan\u0131 sunacak. Denizli B\u00fcy\u00fck\u015fehir Belediyesi\u2019nin ula\u015f\u0131ma de\u011fer katan \u00f6nemli yat\u0131r\u0131mlar\u0131 aras\u0131nda yer alan \u00fcst ge\u00e7idin a\u00e7\u0131l\u0131\u015f t\u00f6reni, 28 Ocak \u00c7ar\u015famba g\u00fcn\u00fc saat 13.00\u2019te Menderes Bulvar\u0131nda ger\u00e7ekle\u015ftirilecek. A\u00e7\u0131l\u0131\u015f program\u0131na t\u00fcm yurtta\u015flar davet edildi.<br \/><\/p>\n","protected":false},"excerpt":{"rendered":"<p>Denizli B\u00fcy\u00fck\u015fehir Belediyesi ile Baltal\u0131 Grup aras\u0131nda imzalanan protokol kapsam\u0131nda, Menderes Bulvar\u0131 \u00fczerinde in\u015fa edilen modern \u00fcst ge\u00e7it, 28 Ocak \u00c7ar\u015famba g\u00fcn\u00fc saat 13.00\u2019te d\u00fczenlenecek t\u00f6renle hizmete a\u00e7\u0131lacak. Kentte yaya g\u00fcvenli\u011fini art\u0131rmak ve ula\u015f\u0131m\u0131 daha g\u00fcvenli hale getirmek amac\u0131yla hayata ge\u00e7irilen Bat\u0131 Ege GYO \u00dcst Ge\u00e7idi, her iki taraf\u0131nda bulunan asans\u00f6r ve merdivenleriyle \u00f6zellikle ya\u015fl\u0131lar,&#8230;<\/p>\n","protected":false},"author":1,"featured_media":83454,"comment_status":"open","ping_status":"open","sticky":false,"template":"","format":"standard","meta":{"_crdt_document":"","footnotes":""},"categories":[1],"tags":[],"class_list":["post-83453","post","type-post","status-publish","format-standard","has-post-thumbnail","hentry","category-guncel"],"_links":{"self":[{"href":"https:\/\/www.egemtv.com\/index.php?rest_route=\/wp\/v2\/posts\/83453","targetHints":{"allow":["GET"]}}],"collection":[{"href":"https:\/\/www.egemtv.com\/index.php?rest_route=\/wp\/v2\/posts"}],"about":[{"href":"https:\/\/www.egemtv.com\/index.php?rest_route=\/wp\/v2\/types\/post"}],"author":[{"embeddable":true,"href":"https:\/\/www.egemtv.com\/index.php?rest_route=\/wp\/v2\/users\/1"}],"replies":[{"embeddable":true,"href":"https:\/\/www.egemtv.com\/index.php?rest_route=%2Fwp%2Fv2%2Fcomments&post=83453"}],"version-history":[{"count":1,"href":"https:\/\/www.egemtv.com\/index.php?rest_route=\/wp\/v2\/posts\/83453\/revisions"}],"predecessor-version":[{"id":83455,"href":"https:\/\/www.egemtv.com\/index.php?rest_route=\/wp\/v2\/posts\/83453\/revisions\/83455"}],"wp:featuredmedia":[{"embeddable":true,"href":"https:\/\/www.egemtv.com\/index.php?rest_route=\/wp\/v2\/media\/83454"}],"wp:attachment":[{"href":"https:\/\/www.egemtv.com\/index.php?rest_route=%2Fwp%2Fv2%2Fmedia&parent=83453"}],"wp:term":[{"taxonomy":"category","embeddable":true,"href":"https:\/\/www.egemtv.com\/index.php?rest_route=%2Fwp%2Fv2%2Fcategories&post=83453"},{"taxonomy":"post_tag","embeddable":true,"href":"https:\/\/www.egemtv.com\/index.php?rest_route=%2Fwp%2Fv2%2Ftags&post=83453"}],"curies":[{"name":"wp","href":"https:\/\/api.w.org\/{rel}","templated":true}]}}