{"id":83450,"date":"2026-01-27T17:35:37","date_gmt":"2026-01-27T14:35:37","guid":{"rendered":"https:\/\/www.egemtv.com\/?p=83450"},"modified":"2026-01-27T17:35:38","modified_gmt":"2026-01-27T14:35:38","slug":"sokeli-kibris-gazisi-ayan-son-yolculuguna-ugurlandi","status":"publish","type":"post","link":"https:\/\/www.egemtv.com\/?p=83450","title":{"rendered":"S\u00f6keli K\u0131br\u0131s Gazisi Ayan son yolculu\u011funa u\u011furland\u0131"},"content":{"rendered":"<p>Ayd\u0131n\u2019\u0131n S\u00f6ke il\u00e7esinde hayat\u0131n\u0131 kaybeden K\u0131br\u0131s Gazisi Oktay Ayan \u00c7eltik\u00e7i Camii\u2019ndeki cenaze t\u00f6reninin ard\u0131ndan topra\u011fa verildi.<\/p>\n<p>S\u00f6ke\u2019de hayat\u0131n\u0131 kaybeden K\u0131br\u0131s Gazisi Oktay Ayan i\u00e7in \u00c7eltik\u00e7i Camii\u2019nde cenaze t\u00f6reni d\u00fczenlendi. K\u0131br\u0131s Gazisi Oktay Ayan dualarla son yolculu\u011funa u\u011furlan\u0131rken, Granta Mezarl\u0131\u011f\u0131\u2019na defnedildi. Cenaze t\u00f6renine S\u00f6ke Kaymakam\u0131 Ali Ak\u00e7a ile S\u00f6ke Garnizon Komutan Vekili Necdet G\u00fcm\u00fc\u015f, S\u00f6ke Belediye Ba\u015fkan\u0131 Dr. Mustafa \u0130berya Ar\u0131kan, S\u00f6ke \u0130l\u00e7e Emniyet M\u00fcd\u00fcr\u00fc Fatih \u00c7etinkaya, S\u00f6ke Ticaret Odas\u0131 Ba\u015fkan\u0131 Metin Sakalar, S\u00f6ke Gaziler ve \u015eehit Aileleri Dayan\u0131\u015fma Derne\u011fi Ba\u015fkan\u0131 Abdullah K\u00f6ksal ba\u015fta olmak \u00fczere askeri erkan ve vatanda\u015flar kat\u0131ld\u0131. T\u00f6rende ayr\u0131ca S\u00f6ke Belediye Ba\u015fkan Yard\u0131mc\u0131s\u0131 Necmettin Aka ile belediye meclis \u00fcyeleri \u015eakir G\u00fclmez ve Ha\u015fim \u00c7ift\u00e7i de haz\u0131r bulundu.<br \/><\/p>\n","protected":false},"excerpt":{"rendered":"<p>Ayd\u0131n\u2019\u0131n S\u00f6ke il\u00e7esinde hayat\u0131n\u0131 kaybeden K\u0131br\u0131s Gazisi Oktay Ayan \u00c7eltik\u00e7i Camii\u2019ndeki cenaze t\u00f6reninin ard\u0131ndan topra\u011fa verildi. S\u00f6ke\u2019de hayat\u0131n\u0131 kaybeden K\u0131br\u0131s Gazisi Oktay Ayan i\u00e7in \u00c7eltik\u00e7i Camii\u2019nde cenaze t\u00f6reni d\u00fczenlendi. K\u0131br\u0131s Gazisi Oktay Ayan dualarla son yolculu\u011funa u\u011furlan\u0131rken, Granta Mezarl\u0131\u011f\u0131\u2019na defnedildi. Cenaze t\u00f6renine S\u00f6ke Kaymakam\u0131 Ali Ak\u00e7a ile S\u00f6ke Garnizon Komutan Vekili Necdet G\u00fcm\u00fc\u015f, S\u00f6ke Belediye&#8230;<\/p>\n","protected":false},"author":1,"featured_media":83451,"comment_status":"open","ping_status":"open","sticky":false,"template":"","format":"standard","meta":{"_crdt_document":"","footnotes":""},"categories":[1],"tags":[],"class_list":["post-83450","post","type-post","status-publish","format-standard","has-post-thumbnail","hentry","category-guncel"],"_links":{"self":[{"href":"https:\/\/www.egemtv.com\/index.php?rest_route=\/wp\/v2\/posts\/83450","targetHints":{"allow":["GET"]}}],"collection":[{"href":"https:\/\/www.egemtv.com\/index.php?rest_route=\/wp\/v2\/posts"}],"about":[{"href":"https:\/\/www.egemtv.com\/index.php?rest_route=\/wp\/v2\/types\/post"}],"author":[{"embeddable":true,"href":"https:\/\/www.egemtv.com\/index.php?rest_route=\/wp\/v2\/users\/1"}],"replies":[{"embeddable":true,"href":"https:\/\/www.egemtv.com\/index.php?rest_route=%2Fwp%2Fv2%2Fcomments&post=83450"}],"version-history":[{"count":1,"href":"https:\/\/www.egemtv.com\/index.php?rest_route=\/wp\/v2\/posts\/83450\/revisions"}],"predecessor-version":[{"id":83452,"href":"https:\/\/www.egemtv.com\/index.php?rest_route=\/wp\/v2\/posts\/83450\/revisions\/83452"}],"wp:featuredmedia":[{"embeddable":true,"href":"https:\/\/www.egemtv.com\/index.php?rest_route=\/wp\/v2\/media\/83451"}],"wp:attachment":[{"href":"https:\/\/www.egemtv.com\/index.php?rest_route=%2Fwp%2Fv2%2Fmedia&parent=83450"}],"wp:term":[{"taxonomy":"category","embeddable":true,"href":"https:\/\/www.egemtv.com\/index.php?rest_route=%2Fwp%2Fv2%2Fcategories&post=83450"},{"taxonomy":"post_tag","embeddable":true,"href":"https:\/\/www.egemtv.com\/index.php?rest_route=%2Fwp%2Fv2%2Ftags&post=83450"}],"curies":[{"name":"wp","href":"https:\/\/api.w.org\/{rel}","templated":true}]}}