{"id":83444,"date":"2026-01-27T16:55:30","date_gmt":"2026-01-27T13:55:30","guid":{"rendered":"https:\/\/www.egemtv.com\/?p=83444"},"modified":"2026-01-27T16:55:31","modified_gmt":"2026-01-27T13:55:31","slug":"aracin-carptigi-yaya-yaralandi","status":"publish","type":"post","link":"https:\/\/www.egemtv.com\/?p=83444","title":{"rendered":"Arac\u0131n \u00e7arpt\u0131\u011f\u0131 yaya yaraland\u0131"},"content":{"rendered":"<p>Mu\u011fla\u2019n\u0131n Bodrum il\u00e7esinde yolun kar\u015f\u0131s\u0131na ge\u00e7meye \u00e7al\u0131\u015fan yaya, arac\u0131n \u00e7arpmas\u0131 sonucu yaraland\u0131.<\/p>\n<p>Edinilen bilgiye g\u00f6re, K\u0131br\u0131s \u015eehitleri Caddesi\u2019nde seyreden H.O. idaresindeki hafif ticari ara\u00e7, G\u00fcmbet Kav\u015fa\u011f\u0131\u2019n\u0131 ge\u00e7tikten sonra yolun kar\u015f\u0131s\u0131na ge\u00e7meye \u00e7al\u0131\u015fan Ergin D. isimli yayaya \u00e7arpt\u0131. Kazada yaralanan yayan\u0131n yard\u0131m\u0131na vatanda\u015flar ko\u015ftu. \u0130hbar\u0131n ard\u0131ndan 112 Acil Sa\u011fl\u0131k ekipleri b\u00f6lgeye geldi. Ambulansa al\u0131nan yaral\u0131, hastaneye kald\u0131r\u0131ld\u0131. Kaza an\u0131 g\u00fcvenlik kameras\u0131na yans\u0131d\u0131.<\/p>\n<p>Kazayla ilgili soru\u015fturma devam ediyor.<br \/><\/p>\n","protected":false},"excerpt":{"rendered":"<p>Mu\u011fla\u2019n\u0131n Bodrum il\u00e7esinde yolun kar\u015f\u0131s\u0131na ge\u00e7meye \u00e7al\u0131\u015fan yaya, arac\u0131n \u00e7arpmas\u0131 sonucu yaraland\u0131. Edinilen bilgiye g\u00f6re, K\u0131br\u0131s \u015eehitleri Caddesi\u2019nde seyreden H.O. idaresindeki hafif ticari ara\u00e7, G\u00fcmbet Kav\u015fa\u011f\u0131\u2019n\u0131 ge\u00e7tikten sonra yolun kar\u015f\u0131s\u0131na ge\u00e7meye \u00e7al\u0131\u015fan Ergin D. isimli yayaya \u00e7arpt\u0131. Kazada yaralanan yayan\u0131n yard\u0131m\u0131na vatanda\u015flar ko\u015ftu. \u0130hbar\u0131n ard\u0131ndan 112 Acil Sa\u011fl\u0131k ekipleri b\u00f6lgeye geldi. Ambulansa al\u0131nan yaral\u0131, hastaneye&#8230;<\/p>\n","protected":false},"author":1,"featured_media":83445,"comment_status":"open","ping_status":"open","sticky":false,"template":"","format":"standard","meta":{"_crdt_document":"","footnotes":""},"categories":[5],"tags":[],"class_list":["post-83444","post","type-post","status-publish","format-standard","has-post-thumbnail","hentry","category-asayis"],"_links":{"self":[{"href":"https:\/\/www.egemtv.com\/index.php?rest_route=\/wp\/v2\/posts\/83444","targetHints":{"allow":["GET"]}}],"collection":[{"href":"https:\/\/www.egemtv.com\/index.php?rest_route=\/wp\/v2\/posts"}],"about":[{"href":"https:\/\/www.egemtv.com\/index.php?rest_route=\/wp\/v2\/types\/post"}],"author":[{"embeddable":true,"href":"https:\/\/www.egemtv.com\/index.php?rest_route=\/wp\/v2\/users\/1"}],"replies":[{"embeddable":true,"href":"https:\/\/www.egemtv.com\/index.php?rest_route=%2Fwp%2Fv2%2Fcomments&post=83444"}],"version-history":[{"count":1,"href":"https:\/\/www.egemtv.com\/index.php?rest_route=\/wp\/v2\/posts\/83444\/revisions"}],"predecessor-version":[{"id":83446,"href":"https:\/\/www.egemtv.com\/index.php?rest_route=\/wp\/v2\/posts\/83444\/revisions\/83446"}],"wp:featuredmedia":[{"embeddable":true,"href":"https:\/\/www.egemtv.com\/index.php?rest_route=\/wp\/v2\/media\/83445"}],"wp:attachment":[{"href":"https:\/\/www.egemtv.com\/index.php?rest_route=%2Fwp%2Fv2%2Fmedia&parent=83444"}],"wp:term":[{"taxonomy":"category","embeddable":true,"href":"https:\/\/www.egemtv.com\/index.php?rest_route=%2Fwp%2Fv2%2Fcategories&post=83444"},{"taxonomy":"post_tag","embeddable":true,"href":"https:\/\/www.egemtv.com\/index.php?rest_route=%2Fwp%2Fv2%2Ftags&post=83444"}],"curies":[{"name":"wp","href":"https:\/\/api.w.org\/{rel}","templated":true}]}}