{"id":83441,"date":"2026-01-27T16:55:29","date_gmt":"2026-01-27T13:55:29","guid":{"rendered":"https:\/\/www.egemtv.com\/?p=83441"},"modified":"2026-01-27T16:55:30","modified_gmt":"2026-01-27T13:55:30","slug":"aliagada-ilce-afet-mudahale-plani-toplantisi-gerceklestirildi","status":"publish","type":"post","link":"https:\/\/www.egemtv.com\/?p=83441","title":{"rendered":"Alia\u011fa\u2019da \u2019\u0130l\u00e7e Afet M\u00fcdahale Plan\u0131\u2019 toplant\u0131s\u0131 ger\u00e7ekle\u015ftirildi"},"content":{"rendered":"<p>Alia\u011fa\u2019da afetlere haz\u0131rl\u0131k kapasitesini g\u00fc\u00e7lendirmek, kurumlar aras\u0131 koordinasyonu art\u0131rmak ve T\u00fcrkiye Afet M\u00fcdahale Plan\u0131 (TAMP) kapsam\u0131nda il\u00e7enin mevcut durumunu de\u011ferlendirmek amac\u0131yla Alia\u011fa \u0130l\u00e7esi Afet M\u00fcdahale Plan\u0131 Toplant\u0131s\u0131 d\u00fczenlendi.<br \/>\n<br \/>Alia\u011fa T\u00fcpra\u015f Halk E\u011fitim Merkezi\u2019nde ger\u00e7ekle\u015ftirilen toplant\u0131da Alia\u011fa Kaymakaml\u0131\u011f\u0131 taraf\u0131ndan kapsaml\u0131 bir bilgilendirme sunumu yap\u0131ld\u0131. Alia\u011fa\u2019n\u0131n n\u00fcfusu, yap\u0131la\u015fma durumu, il\u00e7edeki afet riskleri, afetlere haz\u0131rl\u0131k ve m\u00fcdahale a\u015famalar\u0131, ana \u00e7\u00f6z\u00fcm orta\u011f\u0131 kurumlar ve yetkilileri ile afet y\u00f6netim merkezlerine ili\u015fkin bilgiler payla\u015f\u0131ld\u0131, ard\u0131ndan il\u00e7ede 23 afet grubunun planlar\u0131na y\u00f6nelik sunumlara ge\u00e7ildi.<\/p>\n<p>Alia\u011fa\u2019n\u0131n afet g\u00fcc\u00fc masaya yat\u0131r\u0131ld\u0131<br \/>\n<br \/>Plan sunumunda Alia\u011fa\u2019da meydana gelebilecek bir afet durumunda g\u00f6rev alacak t\u00fcm payda\u015flar\u0131n haz\u0131rl\u0131k durumlar\u0131 ele al\u0131narak mevcut \u00e7al\u0131\u015fmalar de\u011ferlendirildi. Vali Yard\u0131mc\u0131s\u0131 \u0130smail \u00c7orumluo\u011flu, ilgili afet gruplar\u0131na tek tek s\u00f6z vererek y\u00fcr\u00fct\u00fclen \u00e7al\u0131\u015fmalar hakk\u0131nda bilgi ald\u0131, eksik g\u00f6r\u00fclen noktalarla ilgili de\u011ferlendirmelerde bulundu. \u00c7orumluo\u011flu Alia\u011fa\u2019n\u0131n sahip oldu\u011fu kapasiteye vurgu yaparak, &#8220;Alia\u011fa; belediyesi, kamu kurumlar\u0131, \u00f6zel sekt\u00f6r ve askeriyenin g\u00fcc\u00fc anlam\u0131nda \u00f6zel bir il\u00e7e. Bu g\u00fcc\u00fc de iyi kullanm\u0131\u015fs\u0131n\u0131z. En iyi haz\u0131rlanan il\u00e7elerden bir tanesisiniz. Bir sonraki geli\u015fimizde eksikliklerin giderilmi\u015f olaca\u011f\u0131n\u0131 d\u00fc\u015f\u00fcn\u00fcyoruz. Alia\u011fa\u2019daki ekipmanlar\u0131 duydu\u011fumuzda moralimiz d\u00fczeldi. \u00c7\u00fcnk\u00fc bu ekipmanlar her afette rahatl\u0131kla kullan\u0131labilir. Ancak bunun yan\u0131nda insan g\u00fcc\u00fcn\u00fcn de bu s\u00fcre\u00e7lere haz\u0131r olmas\u0131 b\u00fcy\u00fck \u00f6nem ta\u015f\u0131yor&#8221; \u015feklinde konu\u015ftu.<\/p>\n<p>Ba\u015fkan Acar: &#8220;Alia\u011fa\u2019daki afetlere kar\u015f\u0131 en h\u0131zl\u0131 \u015fekilde hareket edece\u011fimizden \u015f\u00fcphem yok&#8221;<br \/>\n<br \/>Alia\u011fa Belediye Ba\u015fkan\u0131 Serkan Acar, toplant\u0131n\u0131n il\u00e7e ad\u0131na hay\u0131rl\u0131 olmas\u0131n\u0131 dileyerek, &#8220;Bu toplant\u0131daki kazan\u0131mlar\u0131 uygulama y\u00f6n\u00fcnde \u00f6n\u00fcm\u00fczdeki s\u00fcre\u00e7te \u00f6nemli ad\u0131mlar at\u0131lacakt\u0131r. Hep birlikte hareket ederek, \u015fehrimizde ya\u015fanabilecek afetlere kar\u015f\u0131 al\u0131nabilecek tedbirleri \u015fimdiden olu\u015fturmam\u0131z gerekiyor. En h\u0131zl\u0131 \u015fekilde hareket edece\u011fimizden en ufak bir \u015f\u00fcphem yok&#8221; ifadelerini kulland\u0131.<br \/>\n<br \/>Toplant\u0131ya; Vali Yard\u0131mc\u0131s\u0131 \u0130smail \u00c7orumluo\u011flu, Alia\u011fa Kaymakam\u0131 Zekeriya G\u00fcney, Alia\u011fa Belediye Ba\u015fkan\u0131 Serkan Acar, AFAD \u0130l M\u00fcd\u00fcr\u00fc Nazif Ekinci, AFAD Planlama ve Risk Azaltma \u015eube M\u00fcd\u00fcr\u00fc Sezgin Kazaz, daire amirleri, muhtarlar, afet \u00e7al\u0131\u015fma gruplar\u0131 ile ana \u00e7\u00f6z\u00fcm ortaklar\u0131n\u0131n yetkilileri kat\u0131ld\u0131.<br \/><\/p>\n","protected":false},"excerpt":{"rendered":"<p>Alia\u011fa\u2019da afetlere haz\u0131rl\u0131k kapasitesini g\u00fc\u00e7lendirmek, kurumlar aras\u0131 koordinasyonu art\u0131rmak ve T\u00fcrkiye Afet M\u00fcdahale Plan\u0131 (TAMP) kapsam\u0131nda il\u00e7enin mevcut durumunu de\u011ferlendirmek amac\u0131yla Alia\u011fa \u0130l\u00e7esi Afet M\u00fcdahale Plan\u0131 Toplant\u0131s\u0131 d\u00fczenlendi. Alia\u011fa T\u00fcpra\u015f Halk E\u011fitim Merkezi\u2019nde ger\u00e7ekle\u015ftirilen toplant\u0131da Alia\u011fa Kaymakaml\u0131\u011f\u0131 taraf\u0131ndan kapsaml\u0131 bir bilgilendirme sunumu yap\u0131ld\u0131. Alia\u011fa\u2019n\u0131n n\u00fcfusu, yap\u0131la\u015fma durumu, il\u00e7edeki afet riskleri, afetlere haz\u0131rl\u0131k ve m\u00fcdahale a\u015famalar\u0131,&#8230;<\/p>\n","protected":false},"author":1,"featured_media":83442,"comment_status":"open","ping_status":"open","sticky":false,"template":"","format":"standard","meta":{"_crdt_document":"","footnotes":""},"categories":[1],"tags":[],"class_list":["post-83441","post","type-post","status-publish","format-standard","has-post-thumbnail","hentry","category-guncel"],"_links":{"self":[{"href":"https:\/\/www.egemtv.com\/index.php?rest_route=\/wp\/v2\/posts\/83441","targetHints":{"allow":["GET"]}}],"collection":[{"href":"https:\/\/www.egemtv.com\/index.php?rest_route=\/wp\/v2\/posts"}],"about":[{"href":"https:\/\/www.egemtv.com\/index.php?rest_route=\/wp\/v2\/types\/post"}],"author":[{"embeddable":true,"href":"https:\/\/www.egemtv.com\/index.php?rest_route=\/wp\/v2\/users\/1"}],"replies":[{"embeddable":true,"href":"https:\/\/www.egemtv.com\/index.php?rest_route=%2Fwp%2Fv2%2Fcomments&post=83441"}],"version-history":[{"count":1,"href":"https:\/\/www.egemtv.com\/index.php?rest_route=\/wp\/v2\/posts\/83441\/revisions"}],"predecessor-version":[{"id":83443,"href":"https:\/\/www.egemtv.com\/index.php?rest_route=\/wp\/v2\/posts\/83441\/revisions\/83443"}],"wp:featuredmedia":[{"embeddable":true,"href":"https:\/\/www.egemtv.com\/index.php?rest_route=\/wp\/v2\/media\/83442"}],"wp:attachment":[{"href":"https:\/\/www.egemtv.com\/index.php?rest_route=%2Fwp%2Fv2%2Fmedia&parent=83441"}],"wp:term":[{"taxonomy":"category","embeddable":true,"href":"https:\/\/www.egemtv.com\/index.php?rest_route=%2Fwp%2Fv2%2Fcategories&post=83441"},{"taxonomy":"post_tag","embeddable":true,"href":"https:\/\/www.egemtv.com\/index.php?rest_route=%2Fwp%2Fv2%2Ftags&post=83441"}],"curies":[{"name":"wp","href":"https:\/\/api.w.org\/{rel}","templated":true}]}}