{"id":83438,"date":"2026-01-27T16:34:45","date_gmt":"2026-01-27T13:34:45","guid":{"rendered":"https:\/\/www.egemtv.com\/?p=83438"},"modified":"2026-01-27T16:34:46","modified_gmt":"2026-01-27T13:34:46","slug":"mentese-belediyesi-ekiplerinden-24-saatlik-kesintisiz-mudahale","status":"publish","type":"post","link":"https:\/\/www.egemtv.com\/?p=83438","title":{"rendered":"Mente\u015fe Belediyesi ekiplerinden, 24 saatlik kesintisiz m\u00fcdahale"},"content":{"rendered":"<p>Mente\u015fe Belediyesi ekipleri, il\u00e7ede etkili olan \u015fiddetli ya\u011f\u0131\u015f, f\u0131rt\u0131na ve dolu nedeniyle teyakkuza ge\u00e7ti. D\u00fcn, g\u00fcn boyunca etkisini art\u0131rarak devam eden olumsuz hava \u015fartlar\u0131na kar\u015f\u0131 belediye ekipleri, gecenin ilerleyen saatlerine kadar sahada g\u00f6rev yapt\u0131, olu\u015fabilecek olumsuzluklara kar\u015f\u0131 an\u0131nda m\u00fcdahalede bulundu.<\/p>\n<p>Ak\u015fam saatlerinden itibaren etkisini art\u0131ran kuvvetli ya\u011f\u0131\u015f ve r\u00fczgar nedeniyle ekipler, 24 saat esas\u0131na g\u00f6re \u00e7al\u0131\u015fmalar\u0131n\u0131 s\u00fcrd\u00fcrd\u00fc. \u0130l\u00e7e genelinde olu\u015fabilecek su bask\u0131nlar\u0131n\u0131n \u00f6n\u00fcne ge\u00e7mek amac\u0131yla mazgallar temizlendi, su birikintileri k\u0131sa s\u00fcrede tahliye edilerek, ya\u011fmur sular\u0131n\u0131n tahliyesi sa\u011flad\u0131. Riskli b\u00f6lgelerde \u00f6nleyici tedbirler al\u0131n\u0131rken, muhtemel olumsuzluklara kar\u015f\u0131 ekipler sahada haz\u0131r bulundu. \u015eehir merkezinde dolu ya\u011f\u0131\u015f\u0131 nedeniyle mazgallar \u00f6n\u00fcnde olu\u015fan birikmelere an\u0131nda m\u00fcdahale edilirken, S\u0131n\u0131rs\u0131zl\u0131k Meydan\u0131\u2019nda devrilen a\u011fa\u00e7 da ekipler taraf\u0131ndan kald\u0131r\u0131ld\u0131. Emirbeyaz\u0131t Mahallesi Kolejler B\u00f6lgesi\u2019nde, ya\u011f\u0131\u015f nedeniyle \u00fcst kaplama \u00e7al\u0131\u015fmas\u0131 yap\u0131lan yolda olu\u015fan bozulmalar giderilerek zemin iyile\u015ftirme \u00e7al\u0131\u015fmalar\u0131 yap\u0131ld\u0131. Kiramettin Mahallesi\u2019nde a\u015f\u0131r\u0131 ya\u011f\u0131\u015f nedeniyle \u00e7\u00f6ken yol sabah saatlerinde belediye ekiplerince yeniden yap\u0131larak zemin iyile\u015ftirildi.<\/p>\n<p>Zihni Derin \u0130\u015f Merkezi otopark giri\u015finde ise su bask\u0131n\u0131 riskine kar\u015f\u0131 kum torbalar\u0131 yerle\u015ftirilerek \u00f6nleyici tedbir al\u0131nd\u0131.  Zeytink\u00f6y-Da\u011fp\u0131nar\u0131 yolunda etkili olan dolu ya\u011f\u0131\u015f\u0131 sonras\u0131 yol temizleme \u00e7al\u0131\u015fmalar\u0131 yap\u0131l\u0131rken, Y\u0131lanl\u0131, Kenkercik ve G\u00f6ktepe yollar\u0131nda Mu\u011fla B\u00fcy\u00fck\u015fehir Belediyesi ile koordineli \u015fekilde m\u00fcdahaleler ger\u00e7ekle\u015ftirildi. \u00c7atakba\u011fyaka Mahallesi\u2019nde ise t\u0131kanan b\u00fczler a\u00e7\u0131larak yol temizli\u011fi yap\u0131ld\u0131 ve ula\u015f\u0131m g\u00fcvenli hale getirildi. Yap\u0131lan \u00e7al\u0131\u015fmalar sayesinde mahalle yollar\u0131nda ula\u015f\u0131ma kapal\u0131 g\u00fczergah kalmad\u0131.<\/p>\n<p>&#8220;T\u00fcm ekiplerimizle sahaday\u0131z&#8221;<br \/>\n<br \/>Mente\u015fe Belediye Ba\u015fkan\u0131 Gonca K\u00f6ksal Aras, devam eden ya\u011f\u0131\u015flara ili\u015fkin yapt\u0131\u011f\u0131 a\u00e7\u0131klamada &#8220;Kent genelinde etkili olan olumsuz hava \u015fartlar\u0131na kar\u015f\u0131 ekiplerimiz ilk andan itibaren mahalle mahalle, sokak sokak sahadayd\u0131. Vatanda\u015flar\u0131m\u0131z\u0131n herhangi bir ma\u011fduriyet ya\u015famamas\u0131 i\u00e7in t\u00fcm birimlerimizle 24 saat esas\u0131na g\u00f6re \u00e7al\u0131\u015f\u0131yoruz. Ya\u011f\u0131\u015ftan etkilenen b\u00f6lgelere Mu\u011fla B\u00fcy\u00fck\u015fehir Belediyesi ekipleriyle koordineli \u00e7al\u0131\u015farak an\u0131nda m\u00fcdahale ediyor, gerekli t\u00fcm \u00f6nlemleri al\u0131yoruz. Mente\u015fe\u2019de hi\u00e7bir vatanda\u015f\u0131m\u0131z\u0131 yaln\u0131z b\u0131rakmad\u0131k, b\u0131rakmayaca\u011f\u0131z. Sahada b\u00fcy\u00fck bir \u00f6zveriyle g\u00f6rev yapan t\u00fcm ekip arkada\u015flar\u0131ma te\u015fekk\u00fcr ediyor, kolayl\u0131klar diliyorum&#8221; dedi.<\/p>\n<p>Meteoroloji verilerine g\u00f6re ya\u011f\u0131\u015flar\u0131n bug\u00fcn de etkisini s\u00fcrd\u00fcrmesi bekleniyor. Muhtemel olumsuzluklara kar\u015f\u0131 ekipler teyakkuz halindeyken, vatanda\u015flar\u0131n herhangi bir durumla kar\u015f\u0131la\u015fmalar\u0131 halinde Mente\u015fe Belediyesi \u00c7a\u011fr\u0131 Merkezi\u2019ni arayarak belediyeye ula\u015fabilecekleri bildirildi.<br \/><\/p>\n","protected":false},"excerpt":{"rendered":"<p>Mente\u015fe Belediyesi ekipleri, il\u00e7ede etkili olan \u015fiddetli ya\u011f\u0131\u015f, f\u0131rt\u0131na ve dolu nedeniyle teyakkuza ge\u00e7ti. D\u00fcn, g\u00fcn boyunca etkisini art\u0131rarak devam eden olumsuz hava \u015fartlar\u0131na kar\u015f\u0131 belediye ekipleri, gecenin ilerleyen saatlerine kadar sahada g\u00f6rev yapt\u0131, olu\u015fabilecek olumsuzluklara kar\u015f\u0131 an\u0131nda m\u00fcdahalede bulundu. Ak\u015fam saatlerinden itibaren etkisini art\u0131ran kuvvetli ya\u011f\u0131\u015f ve r\u00fczgar nedeniyle ekipler, 24 saat esas\u0131na g\u00f6re&#8230;<\/p>\n","protected":false},"author":1,"featured_media":83439,"comment_status":"open","ping_status":"open","sticky":false,"template":"","format":"standard","meta":{"_crdt_document":"","footnotes":""},"categories":[1],"tags":[],"class_list":["post-83438","post","type-post","status-publish","format-standard","has-post-thumbnail","hentry","category-guncel"],"_links":{"self":[{"href":"https:\/\/www.egemtv.com\/index.php?rest_route=\/wp\/v2\/posts\/83438","targetHints":{"allow":["GET"]}}],"collection":[{"href":"https:\/\/www.egemtv.com\/index.php?rest_route=\/wp\/v2\/posts"}],"about":[{"href":"https:\/\/www.egemtv.com\/index.php?rest_route=\/wp\/v2\/types\/post"}],"author":[{"embeddable":true,"href":"https:\/\/www.egemtv.com\/index.php?rest_route=\/wp\/v2\/users\/1"}],"replies":[{"embeddable":true,"href":"https:\/\/www.egemtv.com\/index.php?rest_route=%2Fwp%2Fv2%2Fcomments&post=83438"}],"version-history":[{"count":1,"href":"https:\/\/www.egemtv.com\/index.php?rest_route=\/wp\/v2\/posts\/83438\/revisions"}],"predecessor-version":[{"id":83440,"href":"https:\/\/www.egemtv.com\/index.php?rest_route=\/wp\/v2\/posts\/83438\/revisions\/83440"}],"wp:featuredmedia":[{"embeddable":true,"href":"https:\/\/www.egemtv.com\/index.php?rest_route=\/wp\/v2\/media\/83439"}],"wp:attachment":[{"href":"https:\/\/www.egemtv.com\/index.php?rest_route=%2Fwp%2Fv2%2Fmedia&parent=83438"}],"wp:term":[{"taxonomy":"category","embeddable":true,"href":"https:\/\/www.egemtv.com\/index.php?rest_route=%2Fwp%2Fv2%2Fcategories&post=83438"},{"taxonomy":"post_tag","embeddable":true,"href":"https:\/\/www.egemtv.com\/index.php?rest_route=%2Fwp%2Fv2%2Ftags&post=83438"}],"curies":[{"name":"wp","href":"https:\/\/api.w.org\/{rel}","templated":true}]}}