{"id":83435,"date":"2026-01-27T16:34:44","date_gmt":"2026-01-27T13:34:44","guid":{"rendered":"https:\/\/www.egemtv.com\/?p=83435"},"modified":"2026-01-27T16:34:44","modified_gmt":"2026-01-27T13:34:44","slug":"manisadaki-kamu-binalarina-ges-kurulacak","status":"publish","type":"post","link":"https:\/\/www.egemtv.com\/?p=83435","title":{"rendered":"Manisa\u2019daki kamu binalar\u0131na GES kurulacak"},"content":{"rendered":"<p>AK Parti Grup Ba\u015fkanvekili ve Manisa Milletvekili Bahad\u0131r Yeni\u015fehirlio\u011flu, Manisa\u2019n\u0131n il\u00e7elerinde yer alan okul, yurt ve hastanelere G\u00fcne\u015f Enerji Sistemleri (GES) kurulaca\u011f\u0131n\u0131 a\u00e7\u0131klad\u0131.<br \/>\n<br \/>Kamu binalar\u0131nda temiz enerji d\u00f6neminin ba\u015flad\u0131\u011f\u0131n\u0131 belirten Yeni\u015fehirlio\u011flu, \u00c7evre, \u015eehircilik ve \u0130klim De\u011fi\u015fikli\u011fi Bakanl\u0131\u011f\u0131 taraf\u0131ndan y\u00fcr\u00fct\u00fclen Kamu Binalar\u0131 Enerji Verimlili\u011fi Projesi kapsam\u0131nda Manisa\u2019daki kamu binalar\u0131nda yenilenebilir enerji kullan\u0131m\u0131n\u0131n yayg\u0131nla\u015ft\u0131r\u0131laca\u011f\u0131n\u0131 ifade etti.<br \/>\n<br \/>Sosyal medya hesab\u0131ndan projeye ili\u015fkin de\u011ferlendirmelerde bulunan Yeni\u015fehirlio\u011flu, &#8220;Proje ile enerji verimlili\u011fi art\u0131r\u0131larak kamu kaynaklar\u0131n\u0131n daha etkin kullan\u0131lmas\u0131 hedefleniyor. 2026 y\u0131l\u0131n\u0131n ikinci yar\u0131s\u0131nda hayata ge\u00e7irilmesi planlanan uygulama kapsam\u0131nda Manisa genelinde \u00fcniversiteler, okullar, hastaneler ve yurtlar ba\u015fta olmak \u00fczere toplam 17 kamu binas\u0131 enerji verimli hale getirilecek. Uygulamayla birlikte enerji tasarrufu sa\u011flanacak, maliyetler d\u00fc\u015f\u00fcr\u00fclecek ve \u00e7evreye duyarl\u0131 bir d\u00f6n\u00fc\u015f\u00fcm ger\u00e7ekle\u015ftirilecek&#8221; dedi.<br \/>\n<br \/>E\u011fitim ve sa\u011fl\u0131k alanlar\u0131nda s\u00fcrd\u00fcr\u00fclebilir gelecek vizyonuna dikkat \u00e7eken Yeni\u015fehirlio\u011flu, g\u00fcne\u015f enerjisinin kamu binalar\u0131nda kullan\u0131lmas\u0131n\u0131n Manisa i\u00e7in uzun vadeli ve stratejik bir kazan\u0131m oldu\u011funu vurgulad\u0131.<br \/>\n<br \/>Yeni\u015fehirlio\u011flu a\u00e7\u0131klamas\u0131nda, &#8220;E\u011fitim ve sa\u011fl\u0131k gibi toplumun temel yap\u0131 ta\u015flar\u0131n\u0131 olu\u015fturan alanlarda g\u00fcne\u015f enerjisinin kullan\u0131lmas\u0131, hem bug\u00fcn\u00fc hem de gelece\u011fi g\u00f6zeten \u00e7evreci bir yakla\u015f\u0131m\u0131 ortaya koyuyor. Projenin Manisa\u2019m\u0131za hay\u0131rl\u0131 olmas\u0131n\u0131 diliyoruz&#8221; ifadelerine yer verdi.<br \/>\n<br \/>Projeye desteklerinden dolay\u0131 Cumhurba\u015fkan\u0131 Recep Tayyip Erdo\u011fan ile \u00c7evre, \u015eehircilik ve \u0130klim De\u011fi\u015fikli\u011fi Bakan\u0131 Murat Kurum\u2019a te\u015fekk\u00fcr eden Yeni\u015fehirlio\u011flu, s\u00fcrd\u00fcr\u00fclebilir \u00e7evre vizyonunun kararl\u0131l\u0131kla s\u00fcrd\u00fcr\u00fcld\u00fc\u011f\u00fcn\u00fc kaydetti.<br \/><\/p>\n","protected":false},"excerpt":{"rendered":"<p>AK Parti Grup Ba\u015fkanvekili ve Manisa Milletvekili Bahad\u0131r Yeni\u015fehirlio\u011flu, Manisa\u2019n\u0131n il\u00e7elerinde yer alan okul, yurt ve hastanelere G\u00fcne\u015f Enerji Sistemleri (GES) kurulaca\u011f\u0131n\u0131 a\u00e7\u0131klad\u0131. Kamu binalar\u0131nda temiz enerji d\u00f6neminin ba\u015flad\u0131\u011f\u0131n\u0131 belirten Yeni\u015fehirlio\u011flu, \u00c7evre, \u015eehircilik ve \u0130klim De\u011fi\u015fikli\u011fi Bakanl\u0131\u011f\u0131 taraf\u0131ndan y\u00fcr\u00fct\u00fclen Kamu Binalar\u0131 Enerji Verimlili\u011fi Projesi kapsam\u0131nda Manisa\u2019daki kamu binalar\u0131nda yenilenebilir enerji kullan\u0131m\u0131n\u0131n yayg\u0131nla\u015ft\u0131r\u0131laca\u011f\u0131n\u0131 ifade etti. Sosyal&#8230;<\/p>\n","protected":false},"author":1,"featured_media":83436,"comment_status":"open","ping_status":"open","sticky":false,"template":"","format":"standard","meta":{"_crdt_document":"","footnotes":""},"categories":[127],"tags":[],"class_list":["post-83435","post","type-post","status-publish","format-standard","has-post-thumbnail","hentry","category-siyaset"],"_links":{"self":[{"href":"https:\/\/www.egemtv.com\/index.php?rest_route=\/wp\/v2\/posts\/83435","targetHints":{"allow":["GET"]}}],"collection":[{"href":"https:\/\/www.egemtv.com\/index.php?rest_route=\/wp\/v2\/posts"}],"about":[{"href":"https:\/\/www.egemtv.com\/index.php?rest_route=\/wp\/v2\/types\/post"}],"author":[{"embeddable":true,"href":"https:\/\/www.egemtv.com\/index.php?rest_route=\/wp\/v2\/users\/1"}],"replies":[{"embeddable":true,"href":"https:\/\/www.egemtv.com\/index.php?rest_route=%2Fwp%2Fv2%2Fcomments&post=83435"}],"version-history":[{"count":1,"href":"https:\/\/www.egemtv.com\/index.php?rest_route=\/wp\/v2\/posts\/83435\/revisions"}],"predecessor-version":[{"id":83437,"href":"https:\/\/www.egemtv.com\/index.php?rest_route=\/wp\/v2\/posts\/83435\/revisions\/83437"}],"wp:featuredmedia":[{"embeddable":true,"href":"https:\/\/www.egemtv.com\/index.php?rest_route=\/wp\/v2\/media\/83436"}],"wp:attachment":[{"href":"https:\/\/www.egemtv.com\/index.php?rest_route=%2Fwp%2Fv2%2Fmedia&parent=83435"}],"wp:term":[{"taxonomy":"category","embeddable":true,"href":"https:\/\/www.egemtv.com\/index.php?rest_route=%2Fwp%2Fv2%2Fcategories&post=83435"},{"taxonomy":"post_tag","embeddable":true,"href":"https:\/\/www.egemtv.com\/index.php?rest_route=%2Fwp%2Fv2%2Ftags&post=83435"}],"curies":[{"name":"wp","href":"https:\/\/api.w.org\/{rel}","templated":true}]}}