{"id":83429,"date":"2026-01-27T16:34:42","date_gmt":"2026-01-27T13:34:42","guid":{"rendered":"https:\/\/www.egemtv.com\/?p=83429"},"modified":"2026-01-27T16:34:42","modified_gmt":"2026-01-27T13:34:42","slug":"amatorde-kural-hatasi-iddiasi","status":"publish","type":"post","link":"https:\/\/www.egemtv.com\/?p=83429","title":{"rendered":"Amat\u00f6rde kural hatas\u0131 iddias\u0131"},"content":{"rendered":"<p>Denizli 1. Amat\u00f6r K\u00fcme C Grubu\u2019nda oynanan G\u00f6kb\u00f6r\u00fcg\u00fcc\u00fcspor-Ba\u015fkarc\u0131 \u0130dmanyurdu kar\u015f\u0131la\u015fmas\u0131nda sahadaki skorun \u00f6n\u00fcne ge\u00e7ecek bir \u2019kural ihlali\u2019 tart\u0131\u015fmas\u0131 ya\u015fand\u0131. Ba\u015fkarc\u0131 cephesi, rakibinin oyun kurallar\u0131na ayk\u0131r\u0131 oyuncu de\u011fi\u015fikli\u011fi yapt\u0131\u011f\u0131n\u0131 \u00f6ne s\u00fcrerek resmi ba\u015fvuru yapacaklar\u0131n\u0131 a\u00e7\u0131klad\u0131.<br \/>\n<br \/>Denizli 1. Amat\u00f6r K\u00fcme C Grubu\u2019nda hafta sonu Ak Vadi Stad\u0131\u2019nda oynanan ve ev sahibi G\u00f6kb\u00f6r\u00fcg\u00fcc\u00fcspor\u2019un, Ba\u015fkarc\u0131 \u0130dmanyurdu\u2019na kar\u015f\u0131 3-1\u2019lik galibiyetiyle sonu\u00e7lanan m\u00fcsabaka, futbol sahalar\u0131nda az rastlanan bir teknik tart\u0131\u015fmay\u0131 beraberinde getirdi. Kar\u015f\u0131la\u015fman\u0131n ard\u0131ndan sert bir a\u00e7\u0131klama yapan Ba\u015fkarc\u0131 \u0130dmanyurdu Y\u00f6neticisi Turan Bozan, ma\u00e7\u0131n hakem heyetini ve rakip tak\u0131m\u0131n oyuncu de\u011fi\u015fikliklerini hedef ald\u0131.<\/p>\n<p>&#8220;3 duraklama kural\u0131 ihlal edildi&#8221;<br \/>\n<br \/>Turan Bozan\u2019\u0131n iddias\u0131na g\u00f6re G\u00f6kb\u00f6r\u00fcg\u00fcc\u00fcspor, 5 oyuncu de\u011fi\u015fikli\u011fi hakk\u0131n\u0131 kullan\u0131rken kurallar\u0131n belirledi\u011fi \u2019en fazla 3 duraklama\u2019 limitini a\u015ft\u0131. Rakip ekibin oyunu 4 kez durdurarak de\u011fi\u015fiklik yapt\u0131\u011f\u0131n\u0131 savunan Bozan, bu durumu ma\u00e7 esnas\u0131nda hakem heyetine bildirmelerine ra\u011fmen herhangi bir aksiyon al\u0131nmad\u0131\u011f\u0131n\u0131 belirtti.<\/p>\n<p>&#8220;Hakemler kurallar\u0131 esnetemez&#8221;<br \/>\n<br \/>Futbol oyun kurallar\u0131n\u0131n net oldu\u011funu hat\u0131rlatan Bozan, &#8220;Hakemlerin g\u00f6revi kurallar\u0131 kendi inisiyatiflerine g\u00f6re esnetmek de\u011fil, eksiksiz ve do\u011fru \u015fekilde uygulamakt\u0131r. Biz saha i\u00e7inde bu yanl\u0131\u015f\u0131 fark edip uyard\u0131k ancak kar\u015f\u0131l\u0131k bulamad\u0131k&#8221; ifadelerini kulland\u0131.<br \/><\/p>\n","protected":false},"excerpt":{"rendered":"<p>Denizli 1. Amat\u00f6r K\u00fcme C Grubu\u2019nda oynanan G\u00f6kb\u00f6r\u00fcg\u00fcc\u00fcspor-Ba\u015fkarc\u0131 \u0130dmanyurdu kar\u015f\u0131la\u015fmas\u0131nda sahadaki skorun \u00f6n\u00fcne ge\u00e7ecek bir \u2019kural ihlali\u2019 tart\u0131\u015fmas\u0131 ya\u015fand\u0131. Ba\u015fkarc\u0131 cephesi, rakibinin oyun kurallar\u0131na ayk\u0131r\u0131 oyuncu de\u011fi\u015fikli\u011fi yapt\u0131\u011f\u0131n\u0131 \u00f6ne s\u00fcrerek resmi ba\u015fvuru yapacaklar\u0131n\u0131 a\u00e7\u0131klad\u0131. Denizli 1. Amat\u00f6r K\u00fcme C Grubu\u2019nda hafta sonu Ak Vadi Stad\u0131\u2019nda oynanan ve ev sahibi G\u00f6kb\u00f6r\u00fcg\u00fcc\u00fcspor\u2019un, Ba\u015fkarc\u0131 \u0130dmanyurdu\u2019na kar\u015f\u0131 3-1\u2019lik galibiyetiyle&#8230;<\/p>\n","protected":false},"author":1,"featured_media":83430,"comment_status":"open","ping_status":"open","sticky":false,"template":"","format":"standard","meta":{"_crdt_document":"","footnotes":""},"categories":[4],"tags":[],"class_list":["post-83429","post","type-post","status-publish","format-standard","has-post-thumbnail","hentry","category-spor"],"_links":{"self":[{"href":"https:\/\/www.egemtv.com\/index.php?rest_route=\/wp\/v2\/posts\/83429","targetHints":{"allow":["GET"]}}],"collection":[{"href":"https:\/\/www.egemtv.com\/index.php?rest_route=\/wp\/v2\/posts"}],"about":[{"href":"https:\/\/www.egemtv.com\/index.php?rest_route=\/wp\/v2\/types\/post"}],"author":[{"embeddable":true,"href":"https:\/\/www.egemtv.com\/index.php?rest_route=\/wp\/v2\/users\/1"}],"replies":[{"embeddable":true,"href":"https:\/\/www.egemtv.com\/index.php?rest_route=%2Fwp%2Fv2%2Fcomments&post=83429"}],"version-history":[{"count":1,"href":"https:\/\/www.egemtv.com\/index.php?rest_route=\/wp\/v2\/posts\/83429\/revisions"}],"predecessor-version":[{"id":83431,"href":"https:\/\/www.egemtv.com\/index.php?rest_route=\/wp\/v2\/posts\/83429\/revisions\/83431"}],"wp:featuredmedia":[{"embeddable":true,"href":"https:\/\/www.egemtv.com\/index.php?rest_route=\/wp\/v2\/media\/83430"}],"wp:attachment":[{"href":"https:\/\/www.egemtv.com\/index.php?rest_route=%2Fwp%2Fv2%2Fmedia&parent=83429"}],"wp:term":[{"taxonomy":"category","embeddable":true,"href":"https:\/\/www.egemtv.com\/index.php?rest_route=%2Fwp%2Fv2%2Fcategories&post=83429"},{"taxonomy":"post_tag","embeddable":true,"href":"https:\/\/www.egemtv.com\/index.php?rest_route=%2Fwp%2Fv2%2Ftags&post=83429"}],"curies":[{"name":"wp","href":"https:\/\/api.w.org\/{rel}","templated":true}]}}