{"id":83426,"date":"2026-01-27T16:14:59","date_gmt":"2026-01-27T13:14:59","guid":{"rendered":"https:\/\/www.egemtv.com\/?p=83426"},"modified":"2026-01-27T16:14:59","modified_gmt":"2026-01-27T13:14:59","slug":"denizli-osbde-sivil-savunma-ve-afet-egitimleri-duzenlendi","status":"publish","type":"post","link":"https:\/\/www.egemtv.com\/?p=83426","title":{"rendered":"Denizli OSB\u2019de Sivil Savunma ve Afet E\u011fitimleri d\u00fczenlendi"},"content":{"rendered":"<p>Denizli Organize Sanayi B\u00f6lgesi ev sahipli\u011finde Sivil Savunma Plan E\u011fitimi, Afet Fark\u0131ndal\u0131k E\u011fitimi ve Sanayi Tesislerinde Yang\u0131n G\u00fcvenli\u011fi E\u011fitimi ger\u00e7ekle\u015ftirildi.<br \/>\n<br \/>Denizli Valili\u011fi, Denizli B\u00fcy\u00fck\u015fehir Belediyesi, Denizli Organize Sanayi B\u00f6lgesi M\u00fcd\u00fcrl\u00fc\u011f\u00fc ve AFAD i\u015f birli\u011finde d\u00fczenlenen programa; Denizli B\u00fcy\u00fck\u015fehir Belediyesi \u0130tfaiye Dairesi Ba\u015fkan\u0131 Murat Ba\u015fl\u0131, Denizli OSB \u0130tfaiye M\u00fcd\u00fcr\u00fc \u0130sa Bay, Arama Kurtarma \u015eube M\u00fcd\u00fcr\u00fc Do\u011fan Tufan, AFAD \u015eefi Esen Apaki, Sosyal \u00c7al\u0131\u015fmac\u0131 Derya Bodur, itfaiye personelleri ile firma yetkilileri kat\u0131l\u0131m sa\u011flad\u0131. Denizli OSB Konferans Salonu\u2019nda ger\u00e7ekle\u015ftirilen program kapsam\u0131nda yap\u0131lan sunumlarda; sivil savunma planlar\u0131n\u0131n haz\u0131rlanmas\u0131, afetlere kar\u015f\u0131 fark\u0131ndal\u0131\u011f\u0131n art\u0131r\u0131lmas\u0131 ve sanayi tesislerinde yang\u0131n g\u00fcvenli\u011fi konular\u0131nda bilgilendirme yap\u0131ld\u0131. Ger\u00e7ekle\u015ftirilen e\u011fitimlerle, firmalar\u0131n afet ve acil durumlara y\u00f6nelik haz\u0131rl\u0131k d\u00fczeylerinin art\u0131r\u0131lmas\u0131 ve kurumsal fark\u0131ndal\u0131\u011f\u0131n geli\u015ftirilmesi ama\u00e7land\u0131.<br \/><\/p>\n","protected":false},"excerpt":{"rendered":"<p>Denizli Organize Sanayi B\u00f6lgesi ev sahipli\u011finde Sivil Savunma Plan E\u011fitimi, Afet Fark\u0131ndal\u0131k E\u011fitimi ve Sanayi Tesislerinde Yang\u0131n G\u00fcvenli\u011fi E\u011fitimi ger\u00e7ekle\u015ftirildi. Denizli Valili\u011fi, Denizli B\u00fcy\u00fck\u015fehir Belediyesi, Denizli Organize Sanayi B\u00f6lgesi M\u00fcd\u00fcrl\u00fc\u011f\u00fc ve AFAD i\u015f birli\u011finde d\u00fczenlenen programa; Denizli B\u00fcy\u00fck\u015fehir Belediyesi \u0130tfaiye Dairesi Ba\u015fkan\u0131 Murat Ba\u015fl\u0131, Denizli OSB \u0130tfaiye M\u00fcd\u00fcr\u00fc \u0130sa Bay, Arama Kurtarma \u015eube M\u00fcd\u00fcr\u00fc Do\u011fan&#8230;<\/p>\n","protected":false},"author":1,"featured_media":83427,"comment_status":"open","ping_status":"open","sticky":false,"template":"","format":"standard","meta":{"_crdt_document":"","footnotes":""},"categories":[1],"tags":[],"class_list":["post-83426","post","type-post","status-publish","format-standard","has-post-thumbnail","hentry","category-guncel"],"_links":{"self":[{"href":"https:\/\/www.egemtv.com\/index.php?rest_route=\/wp\/v2\/posts\/83426","targetHints":{"allow":["GET"]}}],"collection":[{"href":"https:\/\/www.egemtv.com\/index.php?rest_route=\/wp\/v2\/posts"}],"about":[{"href":"https:\/\/www.egemtv.com\/index.php?rest_route=\/wp\/v2\/types\/post"}],"author":[{"embeddable":true,"href":"https:\/\/www.egemtv.com\/index.php?rest_route=\/wp\/v2\/users\/1"}],"replies":[{"embeddable":true,"href":"https:\/\/www.egemtv.com\/index.php?rest_route=%2Fwp%2Fv2%2Fcomments&post=83426"}],"version-history":[{"count":1,"href":"https:\/\/www.egemtv.com\/index.php?rest_route=\/wp\/v2\/posts\/83426\/revisions"}],"predecessor-version":[{"id":83428,"href":"https:\/\/www.egemtv.com\/index.php?rest_route=\/wp\/v2\/posts\/83426\/revisions\/83428"}],"wp:featuredmedia":[{"embeddable":true,"href":"https:\/\/www.egemtv.com\/index.php?rest_route=\/wp\/v2\/media\/83427"}],"wp:attachment":[{"href":"https:\/\/www.egemtv.com\/index.php?rest_route=%2Fwp%2Fv2%2Fmedia&parent=83426"}],"wp:term":[{"taxonomy":"category","embeddable":true,"href":"https:\/\/www.egemtv.com\/index.php?rest_route=%2Fwp%2Fv2%2Fcategories&post=83426"},{"taxonomy":"post_tag","embeddable":true,"href":"https:\/\/www.egemtv.com\/index.php?rest_route=%2Fwp%2Fv2%2Ftags&post=83426"}],"curies":[{"name":"wp","href":"https:\/\/api.w.org\/{rel}","templated":true}]}}