{"id":83423,"date":"2026-01-27T16:14:58","date_gmt":"2026-01-27T13:14:58","guid":{"rendered":"https:\/\/www.egemtv.com\/?p=83423"},"modified":"2026-01-27T16:14:59","modified_gmt":"2026-01-27T13:14:59","slug":"gol-ve-goletlerde-baliklandirma-calismasi","status":"publish","type":"post","link":"https:\/\/www.egemtv.com\/?p=83423","title":{"rendered":"G\u00f6l ve g\u00f6letlerde bal\u0131kland\u0131rma \u00e7al\u0131\u015fmas\u0131"},"content":{"rendered":"<p>Afyonkarahisar\u2019da 13 il\u00e7ede 39 g\u00f6l ve g\u00f6lete 798 bin sazan bal\u0131\u011f\u0131 yavrusu b\u0131rak\u0131larak bal\u0131kland\u0131rma \u00e7al\u0131\u015fmas\u0131 yap\u0131ld\u0131.<br \/>\n<br \/>Ger\u00e7ekle\u015ftirilen \u00e7al\u0131\u015fmayla ilgili Afyonkarahisar Valili\u011finden yap\u0131lan yaz\u0131l\u0131 a\u00e7\u0131klamada, &#8220;Su kaynaklar\u0131nda azalan bal\u0131k stoklar\u0131n\u0131n art\u0131r\u0131lmas\u0131 ve ekosistemin s\u00fcrd\u00fcr\u00fclebilirli\u011finin sa\u011flanmas\u0131 amac\u0131yla Afyonkarahisar genelinde \u0130l Tar\u0131m ve Orman M\u00fcd\u00fcrl\u00fc\u011f\u00fc ekiplerince detayl\u0131 bal\u0131kland\u0131rma \u00e7al\u0131\u015fmalar\u0131 ger\u00e7ekle\u015ftirildi.<br \/>\n<br \/>\u0130limizde su kaynaklar\u0131nda azalan bal\u0131k stoklar\u0131n\u0131n takviyesi ve s\u00fcrd\u00fcr\u00fclebilirli\u011fin sa\u011flanmas\u0131 amac\u0131yla y\u00fcr\u00fct\u00fclen 2025 Su Kaynaklar\u0131n\u0131n Bal\u0131kland\u0131r\u0131lmas\u0131 Program\u0131 \u00e7er\u00e7evesinde Akdeniz Su \u00dcr\u00fcnleri Ara\u015ft\u0131rma, \u00dcretme ve E\u011fitim Enstit\u00fcs\u00fc M\u00fcd\u00fcrl\u00fc\u011f\u00fc taraf\u0131ndan \u00fcretilerek ilimize tahsis edilen 798 bin adet sazan yavrusu, \u0130l Tar\u0131m ve Orman M\u00fcd\u00fcr\u00fc \u00d6zkan Parlak koordinesinde tar\u0131m m\u00fcd\u00fcrl\u00fc\u011f\u00fc yetkililerince 13 il\u00e7ede bulunan toplam 39 g\u00f6l ve g\u00f6lete b\u0131rak\u0131larak bal\u0131kland\u0131rma \u00e7al\u0131\u015fmas\u0131 ger\u00e7ekle\u015ftirildi&#8221; ifadelerine yer verildi.<br \/><\/p>\n","protected":false},"excerpt":{"rendered":"<p>Afyonkarahisar\u2019da 13 il\u00e7ede 39 g\u00f6l ve g\u00f6lete 798 bin sazan bal\u0131\u011f\u0131 yavrusu b\u0131rak\u0131larak bal\u0131kland\u0131rma \u00e7al\u0131\u015fmas\u0131 yap\u0131ld\u0131. Ger\u00e7ekle\u015ftirilen \u00e7al\u0131\u015fmayla ilgili Afyonkarahisar Valili\u011finden yap\u0131lan yaz\u0131l\u0131 a\u00e7\u0131klamada, &#8220;Su kaynaklar\u0131nda azalan bal\u0131k stoklar\u0131n\u0131n art\u0131r\u0131lmas\u0131 ve ekosistemin s\u00fcrd\u00fcr\u00fclebilirli\u011finin sa\u011flanmas\u0131 amac\u0131yla Afyonkarahisar genelinde \u0130l Tar\u0131m ve Orman M\u00fcd\u00fcrl\u00fc\u011f\u00fc ekiplerince detayl\u0131 bal\u0131kland\u0131rma \u00e7al\u0131\u015fmalar\u0131 ger\u00e7ekle\u015ftirildi. \u0130limizde su kaynaklar\u0131nda azalan bal\u0131k stoklar\u0131n\u0131n takviyesi ve&#8230;<\/p>\n","protected":false},"author":1,"featured_media":83424,"comment_status":"open","ping_status":"open","sticky":false,"template":"","format":"standard","meta":{"_crdt_document":"","footnotes":""},"categories":[1],"tags":[],"class_list":["post-83423","post","type-post","status-publish","format-standard","has-post-thumbnail","hentry","category-guncel"],"_links":{"self":[{"href":"https:\/\/www.egemtv.com\/index.php?rest_route=\/wp\/v2\/posts\/83423","targetHints":{"allow":["GET"]}}],"collection":[{"href":"https:\/\/www.egemtv.com\/index.php?rest_route=\/wp\/v2\/posts"}],"about":[{"href":"https:\/\/www.egemtv.com\/index.php?rest_route=\/wp\/v2\/types\/post"}],"author":[{"embeddable":true,"href":"https:\/\/www.egemtv.com\/index.php?rest_route=\/wp\/v2\/users\/1"}],"replies":[{"embeddable":true,"href":"https:\/\/www.egemtv.com\/index.php?rest_route=%2Fwp%2Fv2%2Fcomments&post=83423"}],"version-history":[{"count":1,"href":"https:\/\/www.egemtv.com\/index.php?rest_route=\/wp\/v2\/posts\/83423\/revisions"}],"predecessor-version":[{"id":83425,"href":"https:\/\/www.egemtv.com\/index.php?rest_route=\/wp\/v2\/posts\/83423\/revisions\/83425"}],"wp:featuredmedia":[{"embeddable":true,"href":"https:\/\/www.egemtv.com\/index.php?rest_route=\/wp\/v2\/media\/83424"}],"wp:attachment":[{"href":"https:\/\/www.egemtv.com\/index.php?rest_route=%2Fwp%2Fv2%2Fmedia&parent=83423"}],"wp:term":[{"taxonomy":"category","embeddable":true,"href":"https:\/\/www.egemtv.com\/index.php?rest_route=%2Fwp%2Fv2%2Fcategories&post=83423"},{"taxonomy":"post_tag","embeddable":true,"href":"https:\/\/www.egemtv.com\/index.php?rest_route=%2Fwp%2Fv2%2Ftags&post=83423"}],"curies":[{"name":"wp","href":"https:\/\/api.w.org\/{rel}","templated":true}]}}