{"id":83420,"date":"2026-01-27T15:55:22","date_gmt":"2026-01-27T12:55:22","guid":{"rendered":"https:\/\/www.egemtv.com\/?p=83420"},"modified":"2026-01-27T15:55:23","modified_gmt":"2026-01-27T12:55:23","slug":"seydikemerde-hortum-firtina-ve-dolu-seralari-vurdu","status":"publish","type":"post","link":"https:\/\/www.egemtv.com\/?p=83420","title":{"rendered":"Seydikemer\u2019de hortum, f\u0131rt\u0131na ve dolu seralar\u0131 vurdu"},"content":{"rendered":"<p>Mu\u011fla\u2019n\u0131n Seydikemer il\u00e7esi Kumluova Mahallesi\u2019nde etkili olan f\u0131rt\u0131na, sa\u011fanak ya\u011f\u0131\u015f ve dolu, tar\u0131m alanlar\u0131nda zarara yol a\u00e7t\u0131. B\u00f6lgede yakla\u015f\u0131k 100 d\u00f6n\u00fcme yak\u0131n seran\u0131n zarar g\u00f6rd\u00fc\u011f\u00fc belirtildi. Seydikemer Kaymakam\u0131 Mustafa Dilekli, b\u00f6lgede incelemelerde bulundu.<\/p>\n<p>Mu\u011fla\u2019n\u0131n Seydikemer il\u00e7esi Kumluova Mahallesi\u2019nde d\u00fcn ak\u015fam saatlerinde ba\u015flayan sa\u011fanak ya\u011f\u0131\u015f, k\u0131sa s\u00fcrede f\u0131rt\u0131naya d\u00f6n\u00fc\u015ft\u00fc. \u015eiddetli r\u00fczgarla birlikte g\u00f6r\u00fclen dolu ve hortum, \u00f6zellikle sera alanlar\u0131nda etkili oldu. \u0130lk belirlemelere g\u00f6re yakla\u015f\u0131k 100 d\u00f6n\u00fcme yak\u0131n sera zarar g\u00f6rd\u00fc. Dolu ya\u011f\u0131\u015f\u0131 nedeniyle baz\u0131 \u00fcr\u00fcnlerde de zarar olu\u015ftu\u011fu belirtilirken, \u00fcreticilerin seralar\u0131n\u0131 korumak i\u00e7in yo\u011fun \u00e7aba sarf etti\u011fi \u00f6\u011frenildi.<\/p>\n<p>Etkili olan sa\u011fanak ya\u011f\u0131\u015f, hortum ve dolu nedeniyle zarar g\u00f6ren sera alanlar\u0131n\u0131 yerinde inceleyen Seydikemer Kaymakam\u0131 Mustafa Dilekli, zarar g\u00f6ren alanlarda hasar tespit \u00e7al\u0131\u015fmalar\u0131n\u0131n ba\u015flat\u0131ld\u0131\u011f\u0131n\u0131 ifade etti. Ekiplerin sahadaki \u00e7al\u0131\u015fmalar\u0131n\u0131 s\u00fcrd\u00fcrd\u00fc\u011f\u00fc \u00f6\u011frenilirken, b\u00f6lgede sa\u011fanak ya\u011f\u0131\u015f\u0131n aral\u0131klarla devam etti\u011fi bildirildi.<\/p>\n<p>AK Parti Mu\u011fla Milletvekili Yakup Otg\u00f6z, \u00fcretimin s\u00fcreklili\u011finin \u00f6nemine dikkat \u00e7ekerek, zarar g\u00f6ren \u00fcreticilerin ma\u011fduriyetinin giderilmesi i\u00e7in gerekli giri\u015fimlerin yap\u0131laca\u011f\u0131n\u0131 ifade etti.<\/p>\n<p>\u00dcreticilerin taleplerini dinleyen Seydikemer Belediye Ba\u015fkan\u0131 B. \u00d6nder Akdenizli, ya\u015fanan afetin \u00f6zellikle serac\u0131l\u0131kla ge\u00e7imini sa\u011flayan aileler \u00fczerinde ciddi etkiler olu\u015fturdu\u011funu belirtti.<\/p>\n<p>Seydikemer Kaymakam\u0131 Mustafa Dilekli ise hasar tespit \u00e7al\u0131\u015fmalar\u0131n\u0131n ilgili birimler taraf\u0131ndan y\u00fcr\u00fct\u00fclece\u011fini, \u00fcreticilerin s\u00fcre\u00e7 hakk\u0131nda bilgilendirilece\u011fini kaydetti. Kaymakam Dilekli, \u2018\u2019Gece saatlerinde il\u00e7emiz Kumluova mahallemizde \u00f6zellikle \u00e7ok \u015fiddetli ya\u011f\u0131\u015f, f\u0131rt\u0131na ve akabinde bir dolu afetiyle kar\u015f\u0131 kar\u015f\u0131ya kald\u0131k. Bu s\u00fcre\u00e7te \u0130l\u00e7e Tar\u0131m ekiplerimizin ilk tespitlerine g\u00f6re 40 d\u00f6n\u00fcme yak\u0131n tamamen \u00e7\u00f6ken seram\u0131z, kalanlarda da y\u00fczde 50 \u00fczerinde zarar tespit \u00e7al\u0131\u015fmalar\u0131m\u0131z devam ediyor. Ya\u011f\u0131\u015ftan dolay\u0131 \u00e7al\u0131\u015fmalar\u0131m\u0131z s\u00fcr\u00fcyor. \u0130n\u015fallah g\u00fcn i\u00e7erisinde tam zarar\u0131 ortaya \u00e7\u0131karaca\u011f\u0131z. B\u00fct\u00fcn ekiplerimiz, belediyemiz, \u0130l\u00e7e Tar\u0131m M\u00fcd\u00fcrl\u00fc\u011f\u00fcm\u00fcz sahada \u00e7al\u0131\u015fmalar\u0131n\u0131 s\u00fcrd\u00fcr\u00fcyor. \u0130n\u015fallah afetin ve hasar\u0131n daha da b\u00fcy\u00fcmemesini temenni ediyoruz. Biz devletimizin b\u00fct\u00fcn imkanlar\u0131yla \u00e7ift\u00e7imizin, \u00fcreticimizin yan\u0131nday\u0131z. Hasar tespit \u00e7al\u0131\u015fmalar\u0131ndan sonra gerekli i\u015f ve i\u015flemlerle ilgili Say\u0131n Vekilimiz ve Belediye Ba\u015fkan\u0131m\u0131zla beraber Bakanl\u0131\u011f\u0131m\u0131zla da irtibat halinde olaca\u011f\u0131z. T\u00fcm \u00fcreticilerimize, \u00e7ift\u00e7ilerimize tekrardan ge\u00e7mi\u015f olsun. Allah bir daha b\u00f6yle afetler ya\u015fatmas\u0131n diye temenni ediyoruz.\u2019 diye konu\u015ftu.<\/p>\n<p>Kumluova Mahalle Muhtar\u0131 Hilmi Deniz zararlar\u0131n telafisi i\u00e7in destek beklediklerini dile getirdi. Muhtar Deniz, \u2018\u2019Mahallemizde 100 d\u00f6n\u00fcm\u00fcn \u00fczerinde hasar\u0131m\u0131z var. \u00c7ift\u00e7ilerimize ge\u00e7mi\u015f olsun diliyoruz. Biz buradan b\u00fcy\u00fcklerimizden, \u00e7ift\u00e7ilerimize destek istiyoruz. \u0130n\u015fallah ma\u011fduriyet giderilirse memnun oluruz. \u00c7\u00fcnk\u00fc ma\u011fduriyet \u00e7ok ya\u015fand\u0131\u2019\u2019 ifadelerinde bulundu.<br \/><\/p>\n","protected":false},"excerpt":{"rendered":"<p>Mu\u011fla\u2019n\u0131n Seydikemer il\u00e7esi Kumluova Mahallesi\u2019nde etkili olan f\u0131rt\u0131na, sa\u011fanak ya\u011f\u0131\u015f ve dolu, tar\u0131m alanlar\u0131nda zarara yol a\u00e7t\u0131. B\u00f6lgede yakla\u015f\u0131k 100 d\u00f6n\u00fcme yak\u0131n seran\u0131n zarar g\u00f6rd\u00fc\u011f\u00fc belirtildi. Seydikemer Kaymakam\u0131 Mustafa Dilekli, b\u00f6lgede incelemelerde bulundu. Mu\u011fla\u2019n\u0131n Seydikemer il\u00e7esi Kumluova Mahallesi\u2019nde d\u00fcn ak\u015fam saatlerinde ba\u015flayan sa\u011fanak ya\u011f\u0131\u015f, k\u0131sa s\u00fcrede f\u0131rt\u0131naya d\u00f6n\u00fc\u015ft\u00fc. \u015eiddetli r\u00fczgarla birlikte g\u00f6r\u00fclen dolu ve hortum,&#8230;<\/p>\n","protected":false},"author":1,"featured_media":83421,"comment_status":"open","ping_status":"open","sticky":false,"template":"","format":"standard","meta":{"_crdt_document":"","footnotes":""},"categories":[5],"tags":[],"class_list":["post-83420","post","type-post","status-publish","format-standard","has-post-thumbnail","hentry","category-asayis"],"_links":{"self":[{"href":"https:\/\/www.egemtv.com\/index.php?rest_route=\/wp\/v2\/posts\/83420","targetHints":{"allow":["GET"]}}],"collection":[{"href":"https:\/\/www.egemtv.com\/index.php?rest_route=\/wp\/v2\/posts"}],"about":[{"href":"https:\/\/www.egemtv.com\/index.php?rest_route=\/wp\/v2\/types\/post"}],"author":[{"embeddable":true,"href":"https:\/\/www.egemtv.com\/index.php?rest_route=\/wp\/v2\/users\/1"}],"replies":[{"embeddable":true,"href":"https:\/\/www.egemtv.com\/index.php?rest_route=%2Fwp%2Fv2%2Fcomments&post=83420"}],"version-history":[{"count":1,"href":"https:\/\/www.egemtv.com\/index.php?rest_route=\/wp\/v2\/posts\/83420\/revisions"}],"predecessor-version":[{"id":83422,"href":"https:\/\/www.egemtv.com\/index.php?rest_route=\/wp\/v2\/posts\/83420\/revisions\/83422"}],"wp:featuredmedia":[{"embeddable":true,"href":"https:\/\/www.egemtv.com\/index.php?rest_route=\/wp\/v2\/media\/83421"}],"wp:attachment":[{"href":"https:\/\/www.egemtv.com\/index.php?rest_route=%2Fwp%2Fv2%2Fmedia&parent=83420"}],"wp:term":[{"taxonomy":"category","embeddable":true,"href":"https:\/\/www.egemtv.com\/index.php?rest_route=%2Fwp%2Fv2%2Fcategories&post=83420"},{"taxonomy":"post_tag","embeddable":true,"href":"https:\/\/www.egemtv.com\/index.php?rest_route=%2Fwp%2Fv2%2Ftags&post=83420"}],"curies":[{"name":"wp","href":"https:\/\/api.w.org\/{rel}","templated":true}]}}