{"id":83417,"date":"2026-01-27T15:55:21","date_gmt":"2026-01-27T12:55:21","guid":{"rendered":"https:\/\/www.egemtv.com\/?p=83417"},"modified":"2026-01-27T15:55:22","modified_gmt":"2026-01-27T12:55:22","slug":"burdurun-yuksek-kesimlerinde-kar-yagisi-etkili-oldu","status":"publish","type":"post","link":"https:\/\/www.egemtv.com\/?p=83417","title":{"rendered":"Burdur\u2019un y\u00fcksek kesimlerinde kar ya\u011f\u0131\u015f\u0131 etkili oldu"},"content":{"rendered":"<p>Burdur\u2019un G\u00f6lhisar il\u00e7esinin y\u00fcksek kesimlerinde kar ya\u011f\u0131\u015f\u0131 etkili oldu.<br \/>\n<br \/>Kent merkezinde geceden bu yana ara ara ya\u011fmur ya\u011f\u0131\u015f\u0131 s\u00fcrerken baz\u0131 il\u00e7elerin y\u00fcksek kesimlerinde kar ya\u011f\u0131\u015f\u0131 etkili oldu. \u00d6zellikle G\u00f6lhisar il\u00e7esinde etkili olan kar nedeniyle bir \u00e7ok yol beyaza b\u00fcr\u00fcnd\u00fc. Ekipler s\u00fcr\u00fcc\u00fclere zincir ve \u00e7ekme halat\u0131 bulundurmalar\u0131 konusunda uyar\u0131larda bulundu.<br \/><\/p>\n","protected":false},"excerpt":{"rendered":"<p>Burdur\u2019un G\u00f6lhisar il\u00e7esinin y\u00fcksek kesimlerinde kar ya\u011f\u0131\u015f\u0131 etkili oldu. Kent merkezinde geceden bu yana ara ara ya\u011fmur ya\u011f\u0131\u015f\u0131 s\u00fcrerken baz\u0131 il\u00e7elerin y\u00fcksek kesimlerinde kar ya\u011f\u0131\u015f\u0131 etkili oldu. \u00d6zellikle G\u00f6lhisar il\u00e7esinde etkili olan kar nedeniyle bir \u00e7ok yol beyaza b\u00fcr\u00fcnd\u00fc. Ekipler s\u00fcr\u00fcc\u00fclere zincir ve \u00e7ekme halat\u0131 bulundurmalar\u0131 konusunda uyar\u0131larda bulundu.<\/p>\n","protected":false},"author":1,"featured_media":83418,"comment_status":"open","ping_status":"open","sticky":false,"template":"","format":"standard","meta":{"_crdt_document":"","footnotes":""},"categories":[1],"tags":[],"class_list":["post-83417","post","type-post","status-publish","format-standard","has-post-thumbnail","hentry","category-guncel"],"_links":{"self":[{"href":"https:\/\/www.egemtv.com\/index.php?rest_route=\/wp\/v2\/posts\/83417","targetHints":{"allow":["GET"]}}],"collection":[{"href":"https:\/\/www.egemtv.com\/index.php?rest_route=\/wp\/v2\/posts"}],"about":[{"href":"https:\/\/www.egemtv.com\/index.php?rest_route=\/wp\/v2\/types\/post"}],"author":[{"embeddable":true,"href":"https:\/\/www.egemtv.com\/index.php?rest_route=\/wp\/v2\/users\/1"}],"replies":[{"embeddable":true,"href":"https:\/\/www.egemtv.com\/index.php?rest_route=%2Fwp%2Fv2%2Fcomments&post=83417"}],"version-history":[{"count":1,"href":"https:\/\/www.egemtv.com\/index.php?rest_route=\/wp\/v2\/posts\/83417\/revisions"}],"predecessor-version":[{"id":83419,"href":"https:\/\/www.egemtv.com\/index.php?rest_route=\/wp\/v2\/posts\/83417\/revisions\/83419"}],"wp:featuredmedia":[{"embeddable":true,"href":"https:\/\/www.egemtv.com\/index.php?rest_route=\/wp\/v2\/media\/83418"}],"wp:attachment":[{"href":"https:\/\/www.egemtv.com\/index.php?rest_route=%2Fwp%2Fv2%2Fmedia&parent=83417"}],"wp:term":[{"taxonomy":"category","embeddable":true,"href":"https:\/\/www.egemtv.com\/index.php?rest_route=%2Fwp%2Fv2%2Fcategories&post=83417"},{"taxonomy":"post_tag","embeddable":true,"href":"https:\/\/www.egemtv.com\/index.php?rest_route=%2Fwp%2Fv2%2Ftags&post=83417"}],"curies":[{"name":"wp","href":"https:\/\/api.w.org\/{rel}","templated":true}]}}