{"id":83414,"date":"2026-01-27T15:55:20","date_gmt":"2026-01-27T12:55:20","guid":{"rendered":"https:\/\/www.egemtv.com\/?p=83414"},"modified":"2026-01-27T15:55:21","modified_gmt":"2026-01-27T12:55:21","slug":"izmirde-27-yil-hapis-cezasiyla-aranan-sahis-yakalandi","status":"publish","type":"post","link":"https:\/\/www.egemtv.com\/?p=83414","title":{"rendered":"\u0130zmir\u2019de 27 y\u0131l hapis cezas\u0131yla aranan \u015fah\u0131s yakaland\u0131"},"content":{"rendered":"<p>\u0130zmir\u2019de polis ekiplerinin aranan \u015fah\u0131slara y\u00f6nelik ger\u00e7ekle\u015ftirdi\u011fi \u00e7al\u0131\u015fmalarda, hakk\u0131nda 27 y\u0131l 9 ay hapis cezas\u0131 bulunan bir ki\u015fi yakalanarak adli mercilere teslim edildi.<\/p>\n<p>\u0130zmir Asayi\u015f \u015eube M\u00fcd\u00fcrl\u00fc\u011f\u00fc G\u00fcven Timleri, d\u00fcn aranan \u015fah\u0131slar\u0131n yakalanmas\u0131na y\u00f6nelik geni\u015f kapsaml\u0131 \u00e7al\u0131\u015fma ger\u00e7ekle\u015ftirdi. Yap\u0131lan denetimlerde \u015f\u00fcphe \u00fczerine T.P. isimli \u015fah\u0131s durduruldu. Yap\u0131lan GBT sorgulamas\u0131nda T.P.\u2019nin, \u2019Doland\u0131r\u0131c\u0131l\u0131k\u2019, \u2019H\u0131rs\u0131zl\u0131k\u2019 ve \u2019H\u00fck\u00fcml\u00fc veya Tutuklunun Ka\u00e7mas\u0131\u2019 su\u00e7lar\u0131ndan hakk\u0131nda toplam 27 y\u0131l 9 ay 10 g\u00fcn kesinle\u015fmi\u015f hapis cezas\u0131 ve 2 bin 120 TL kesilmi\u015f para cezas\u0131 bulundu\u011fu tespit edildi.<\/p>\n<p>Ekipler taraf\u0131ndan g\u00f6zalt\u0131na al\u0131nan T.P., emniyetteki i\u015flemlerinin ard\u0131ndan adli mercilere sevk edildi.<br \/><\/p>\n","protected":false},"excerpt":{"rendered":"<p>\u0130zmir\u2019de polis ekiplerinin aranan \u015fah\u0131slara y\u00f6nelik ger\u00e7ekle\u015ftirdi\u011fi \u00e7al\u0131\u015fmalarda, hakk\u0131nda 27 y\u0131l 9 ay hapis cezas\u0131 bulunan bir ki\u015fi yakalanarak adli mercilere teslim edildi. \u0130zmir Asayi\u015f \u015eube M\u00fcd\u00fcrl\u00fc\u011f\u00fc G\u00fcven Timleri, d\u00fcn aranan \u015fah\u0131slar\u0131n yakalanmas\u0131na y\u00f6nelik geni\u015f kapsaml\u0131 \u00e7al\u0131\u015fma ger\u00e7ekle\u015ftirdi. Yap\u0131lan denetimlerde \u015f\u00fcphe \u00fczerine T.P. isimli \u015fah\u0131s durduruldu. Yap\u0131lan GBT sorgulamas\u0131nda T.P.\u2019nin, \u2019Doland\u0131r\u0131c\u0131l\u0131k\u2019, \u2019H\u0131rs\u0131zl\u0131k\u2019 ve \u2019H\u00fck\u00fcml\u00fc veya&#8230;<\/p>\n","protected":false},"author":1,"featured_media":83415,"comment_status":"open","ping_status":"open","sticky":false,"template":"","format":"standard","meta":{"_crdt_document":"","footnotes":""},"categories":[5],"tags":[],"class_list":["post-83414","post","type-post","status-publish","format-standard","has-post-thumbnail","hentry","category-asayis"],"_links":{"self":[{"href":"https:\/\/www.egemtv.com\/index.php?rest_route=\/wp\/v2\/posts\/83414","targetHints":{"allow":["GET"]}}],"collection":[{"href":"https:\/\/www.egemtv.com\/index.php?rest_route=\/wp\/v2\/posts"}],"about":[{"href":"https:\/\/www.egemtv.com\/index.php?rest_route=\/wp\/v2\/types\/post"}],"author":[{"embeddable":true,"href":"https:\/\/www.egemtv.com\/index.php?rest_route=\/wp\/v2\/users\/1"}],"replies":[{"embeddable":true,"href":"https:\/\/www.egemtv.com\/index.php?rest_route=%2Fwp%2Fv2%2Fcomments&post=83414"}],"version-history":[{"count":1,"href":"https:\/\/www.egemtv.com\/index.php?rest_route=\/wp\/v2\/posts\/83414\/revisions"}],"predecessor-version":[{"id":83416,"href":"https:\/\/www.egemtv.com\/index.php?rest_route=\/wp\/v2\/posts\/83414\/revisions\/83416"}],"wp:featuredmedia":[{"embeddable":true,"href":"https:\/\/www.egemtv.com\/index.php?rest_route=\/wp\/v2\/media\/83415"}],"wp:attachment":[{"href":"https:\/\/www.egemtv.com\/index.php?rest_route=%2Fwp%2Fv2%2Fmedia&parent=83414"}],"wp:term":[{"taxonomy":"category","embeddable":true,"href":"https:\/\/www.egemtv.com\/index.php?rest_route=%2Fwp%2Fv2%2Fcategories&post=83414"},{"taxonomy":"post_tag","embeddable":true,"href":"https:\/\/www.egemtv.com\/index.php?rest_route=%2Fwp%2Fv2%2Ftags&post=83414"}],"curies":[{"name":"wp","href":"https:\/\/api.w.org\/{rel}","templated":true}]}}