{"id":83411,"date":"2026-01-27T15:34:40","date_gmt":"2026-01-27T12:34:40","guid":{"rendered":"https:\/\/www.egemtv.com\/?p=83411"},"modified":"2026-01-27T15:34:41","modified_gmt":"2026-01-27T12:34:41","slug":"salihlide-fotograf-sanatcilari-bulusuyor","status":"publish","type":"post","link":"https:\/\/www.egemtv.com\/?p=83411","title":{"rendered":"Salihli\u2019de foto\u011fraf sanat\u00e7\u0131lar\u0131 bulu\u015fuyor"},"content":{"rendered":"<p>Manisa\u2019n\u0131n Salihli il\u00e7esinde foto\u011fraf tutkunlar\u0131n\u0131 bir araya getirecek yeni bir etkinlik ba\u015fl\u0131yor. K\u0131sa ad\u0131 SALFOD olan Salihli Foto\u011fraf Derne\u011fi taraf\u0131ndan d\u00fczenlenen Y\u00fcz Y\u00fcze Sunum G\u00fcnleri, foto\u011fraf sanat\u00e7\u0131lar\u0131 ile s\u00f6yle\u015fi ve sunum bulu\u015fmalar\u0131na ev sahipli\u011fi yapacak.<br \/>\n<br \/>Her cuma g\u00fcn\u00fc ger\u00e7ekle\u015ftirilecek etkinliklerde, alan\u0131nda \u00f6nde gelen foto\u011fraf sanat\u00e7\u0131lar\u0131 konuk olacak. Foto\u011fraf\u0131n teknik y\u00f6nlerinden hik\u00e2yesine, belgesel \u00e7al\u0131\u015fmalardan do\u011fa foto\u011fraf\u00e7\u0131l\u0131\u011f\u0131na uzanan farkl\u0131 bak\u0131\u015f a\u00e7\u0131lar\u0131 ele al\u0131nacak.<br \/>\n<br \/>Salihli Foto\u011fraf Derne\u011fi Ba\u015fkan\u0131 Mustafa D\u00f6nmez, &#8220;Foto\u011fraf\u0131n teknik y\u00f6n\u00fcnden hik\u00e2yesine, belgeselden do\u011faya uzanan ilham verici sunumlar ve s\u00f6yle\u015filerle bulu\u015fuyoruz. Foto\u011frafa ilgi duyan herkesi etkinliklerimize davet ediyoruz.&#8221; dedi.<br \/>\n<br \/>D\u00f6nmez, Y\u00fcz Y\u00fcze Sunum G\u00fcnleri\u2019nin Himaye-i Etfal Binas\u0131\u2019nda ger\u00e7ekle\u015ftirilece\u011fini belirtti. Etkinliklerin ilki, 30 Ocak Cuma g\u00fcn\u00fc, SALFOD Ba\u015fkan\u0131 Mustafa D\u00f6nmez\u2019in sunaca\u011f\u0131 &#8220;30 Y\u0131l\u0131n Hik\u00e2yesi&#8221; ba\u015fl\u0131kl\u0131 sunumla ba\u015flayacak. 3 Nisan\u2019a kadar devam edecek program kapsam\u0131nda; \u015eener Tek\u00e7i, Sevgi Mersin, Seyit Konyal\u0131, Hasan U\u00e7ar, Suzan Ela, Ahmet \u00d6zkan, Hakan Yaral\u0131, Arda Ta\u015f ve Veyis Polat gibi \u00f6nemli foto\u011fraf sanat\u00e7\u0131lar\u0131 Salihli\u2019de foto\u011fraf severlerle bulu\u015facak.<br \/><\/p>\n","protected":false},"excerpt":{"rendered":"<p>Manisa\u2019n\u0131n Salihli il\u00e7esinde foto\u011fraf tutkunlar\u0131n\u0131 bir araya getirecek yeni bir etkinlik ba\u015fl\u0131yor. K\u0131sa ad\u0131 SALFOD olan Salihli Foto\u011fraf Derne\u011fi taraf\u0131ndan d\u00fczenlenen Y\u00fcz Y\u00fcze Sunum G\u00fcnleri, foto\u011fraf sanat\u00e7\u0131lar\u0131 ile s\u00f6yle\u015fi ve sunum bulu\u015fmalar\u0131na ev sahipli\u011fi yapacak. Her cuma g\u00fcn\u00fc ger\u00e7ekle\u015ftirilecek etkinliklerde, alan\u0131nda \u00f6nde gelen foto\u011fraf sanat\u00e7\u0131lar\u0131 konuk olacak. Foto\u011fraf\u0131n teknik y\u00f6nlerinden hik\u00e2yesine, belgesel \u00e7al\u0131\u015fmalardan do\u011fa foto\u011fraf\u00e7\u0131l\u0131\u011f\u0131na&#8230;<\/p>\n","protected":false},"author":1,"featured_media":83412,"comment_status":"open","ping_status":"open","sticky":false,"template":"","format":"standard","meta":{"_crdt_document":"","footnotes":""},"categories":[1],"tags":[],"class_list":["post-83411","post","type-post","status-publish","format-standard","has-post-thumbnail","hentry","category-guncel"],"_links":{"self":[{"href":"https:\/\/www.egemtv.com\/index.php?rest_route=\/wp\/v2\/posts\/83411","targetHints":{"allow":["GET"]}}],"collection":[{"href":"https:\/\/www.egemtv.com\/index.php?rest_route=\/wp\/v2\/posts"}],"about":[{"href":"https:\/\/www.egemtv.com\/index.php?rest_route=\/wp\/v2\/types\/post"}],"author":[{"embeddable":true,"href":"https:\/\/www.egemtv.com\/index.php?rest_route=\/wp\/v2\/users\/1"}],"replies":[{"embeddable":true,"href":"https:\/\/www.egemtv.com\/index.php?rest_route=%2Fwp%2Fv2%2Fcomments&post=83411"}],"version-history":[{"count":1,"href":"https:\/\/www.egemtv.com\/index.php?rest_route=\/wp\/v2\/posts\/83411\/revisions"}],"predecessor-version":[{"id":83413,"href":"https:\/\/www.egemtv.com\/index.php?rest_route=\/wp\/v2\/posts\/83411\/revisions\/83413"}],"wp:featuredmedia":[{"embeddable":true,"href":"https:\/\/www.egemtv.com\/index.php?rest_route=\/wp\/v2\/media\/83412"}],"wp:attachment":[{"href":"https:\/\/www.egemtv.com\/index.php?rest_route=%2Fwp%2Fv2%2Fmedia&parent=83411"}],"wp:term":[{"taxonomy":"category","embeddable":true,"href":"https:\/\/www.egemtv.com\/index.php?rest_route=%2Fwp%2Fv2%2Fcategories&post=83411"},{"taxonomy":"post_tag","embeddable":true,"href":"https:\/\/www.egemtv.com\/index.php?rest_route=%2Fwp%2Fv2%2Ftags&post=83411"}],"curies":[{"name":"wp","href":"https:\/\/api.w.org\/{rel}","templated":true}]}}