{"id":83408,"date":"2026-01-27T15:14:59","date_gmt":"2026-01-27T12:14:59","guid":{"rendered":"https:\/\/www.egemtv.com\/?p=83408"},"modified":"2026-01-27T15:14:59","modified_gmt":"2026-01-27T12:14:59","slug":"aydinli-sporcular-avrupa-sahnesine-cikiyor","status":"publish","type":"post","link":"https:\/\/www.egemtv.com\/?p=83408","title":{"rendered":"Ayd\u0131nl\u0131 sporcular Avrupa sahnesine \u00e7\u0131k\u0131yor"},"content":{"rendered":"<p>Ayd\u0131n Gen\u00e7lik ve Spor \u0130l M\u00fcd\u00fcrl\u00fc\u011f\u00fc Spor Kul\u00fcb\u00fc sporcular\u0131, Bulgaristan\u2019da d\u00fczenlenecek Avrupa \u015eampiyonalar\u0131 \u00f6ncesinde haz\u0131rl\u0131klar\u0131n\u0131 tamamlarken, gen\u00e7 sporcular, hem Ayd\u0131n\u2019\u0131 hem de T\u00fcrkiye\u2019yi temsil edecek.<br \/>\n<br \/>Ayd\u0131n Gen\u00e7lik ve Spor \u0130l M\u00fcd\u00fcrl\u00fc\u011f\u00fc Spor Kul\u00fcb\u00fc b\u00fcnyesinde yeti\u015fen sporcular, Avrupa arenas\u0131nda T\u00fcrkiye\u2019yi temsil etmeye haz\u0131rlan\u0131yor. 3-9 \u015eubat 2026 tarihleri aras\u0131nda Bulgaristan\u2019\u0131n Burgaz kentinde d\u00fczenlenecek Haval\u0131 Silahlar U-16 \/ U-18 Avrupa \u015eampiyonas\u0131\u2019nda milli sporcular ay-y\u0131ld\u0131zl\u0131 forma ile m\u00fccadele edecek. \u015eampiyonada \u00fclkeyi, Milli Tak\u0131m Antren\u00f6r\u00fc Arda Batuhan Arslan e\u015fli\u011finde Ayd\u0131n Gen\u00e7lik ve Spor \u0130l M\u00fcd\u00fcrl\u00fc\u011f\u00fc Spor Kul\u00fcb\u00fc sporcular\u0131ndan Ahmet O\u011fuz Sayar U-16 Tabanca, \u015eahin Y\u0131lmaz ise U-16 T\u00fcfek kategorisinde temsil edecek. Gen\u00e7 sporcular, uzun s\u00fcredir devam eden yo\u011fun antrenman programlar\u0131n\u0131n ard\u0131ndan Avrupa \u015eampiyonas\u0131 i\u00e7in t\u00fcm haz\u0131rl\u0131klar\u0131n\u0131 tamamlad\u0131. \u00d6te yandan 9-14 \u015eubat 2026 tarihleri aras\u0131nda yine Bulgaristan\u2019\u0131n Burgaz kentinde ger\u00e7ekle\u015ftirilecek Gen\u00e7ler Avrupa \u015eampiyonas\u0131\u2019nda Ahmet O\u011fuz Sayar, Gen\u00e7ler Kategorisi\u2019nde T\u00fcrkiye ad\u0131na at\u0131\u015f yapacak. \u015eampiyonalar \u00f6ncesinde milli tak\u0131m antren\u00f6r\u00fc ve sporcular, Ayd\u0131n Gen\u00e7lik ve Spor \u0130l M\u00fcd\u00fcr\u00fc Serhat Y\u0131\u011fmatepe\u2019yi ziyaret etti. \u0130l M\u00fcd\u00fcr\u00fc Y\u0131\u011fmatepe, Ayd\u0131n\u2019\u0131 ve T\u00fcrkiye\u2019yi temsil edecek sporcular ile antren\u00f6rlerine ba\u015far\u0131lar dileyerek, ay-y\u0131ld\u0131zl\u0131 forma alt\u0131nda g\u00f6sterecekleri m\u00fccadelenin gurur verici oldu\u011funu ifade etti.<br \/><\/p>\n","protected":false},"excerpt":{"rendered":"<p>Ayd\u0131n Gen\u00e7lik ve Spor \u0130l M\u00fcd\u00fcrl\u00fc\u011f\u00fc Spor Kul\u00fcb\u00fc sporcular\u0131, Bulgaristan\u2019da d\u00fczenlenecek Avrupa \u015eampiyonalar\u0131 \u00f6ncesinde haz\u0131rl\u0131klar\u0131n\u0131 tamamlarken, gen\u00e7 sporcular, hem Ayd\u0131n\u2019\u0131 hem de T\u00fcrkiye\u2019yi temsil edecek. Ayd\u0131n Gen\u00e7lik ve Spor \u0130l M\u00fcd\u00fcrl\u00fc\u011f\u00fc Spor Kul\u00fcb\u00fc b\u00fcnyesinde yeti\u015fen sporcular, Avrupa arenas\u0131nda T\u00fcrkiye\u2019yi temsil etmeye haz\u0131rlan\u0131yor. 3-9 \u015eubat 2026 tarihleri aras\u0131nda Bulgaristan\u2019\u0131n Burgaz kentinde d\u00fczenlenecek Haval\u0131 Silahlar U-16 \/&#8230;<\/p>\n","protected":false},"author":1,"featured_media":83409,"comment_status":"open","ping_status":"open","sticky":false,"template":"","format":"standard","meta":{"_crdt_document":"","footnotes":""},"categories":[4],"tags":[],"class_list":["post-83408","post","type-post","status-publish","format-standard","has-post-thumbnail","hentry","category-spor"],"_links":{"self":[{"href":"https:\/\/www.egemtv.com\/index.php?rest_route=\/wp\/v2\/posts\/83408","targetHints":{"allow":["GET"]}}],"collection":[{"href":"https:\/\/www.egemtv.com\/index.php?rest_route=\/wp\/v2\/posts"}],"about":[{"href":"https:\/\/www.egemtv.com\/index.php?rest_route=\/wp\/v2\/types\/post"}],"author":[{"embeddable":true,"href":"https:\/\/www.egemtv.com\/index.php?rest_route=\/wp\/v2\/users\/1"}],"replies":[{"embeddable":true,"href":"https:\/\/www.egemtv.com\/index.php?rest_route=%2Fwp%2Fv2%2Fcomments&post=83408"}],"version-history":[{"count":1,"href":"https:\/\/www.egemtv.com\/index.php?rest_route=\/wp\/v2\/posts\/83408\/revisions"}],"predecessor-version":[{"id":83410,"href":"https:\/\/www.egemtv.com\/index.php?rest_route=\/wp\/v2\/posts\/83408\/revisions\/83410"}],"wp:featuredmedia":[{"embeddable":true,"href":"https:\/\/www.egemtv.com\/index.php?rest_route=\/wp\/v2\/media\/83409"}],"wp:attachment":[{"href":"https:\/\/www.egemtv.com\/index.php?rest_route=%2Fwp%2Fv2%2Fmedia&parent=83408"}],"wp:term":[{"taxonomy":"category","embeddable":true,"href":"https:\/\/www.egemtv.com\/index.php?rest_route=%2Fwp%2Fv2%2Fcategories&post=83408"},{"taxonomy":"post_tag","embeddable":true,"href":"https:\/\/www.egemtv.com\/index.php?rest_route=%2Fwp%2Fv2%2Ftags&post=83408"}],"curies":[{"name":"wp","href":"https:\/\/api.w.org\/{rel}","templated":true}]}}