{"id":83405,"date":"2026-01-27T15:14:58","date_gmt":"2026-01-27T12:14:58","guid":{"rendered":"https:\/\/www.egemtv.com\/?p=83405"},"modified":"2026-01-27T15:14:58","modified_gmt":"2026-01-27T12:14:58","slug":"belediye-ekiplerinden-firtina-ve-yagis-mesaisi","status":"publish","type":"post","link":"https:\/\/www.egemtv.com\/?p=83405","title":{"rendered":"Belediye ekiplerinden f\u0131rt\u0131na ve ya\u011f\u0131\u015f mesaisi"},"content":{"rendered":"<p>Bodrum\u2019da etkili olan f\u0131rt\u0131na ve ya\u011f\u0131\u015fl\u0131 hava nedeniyle belediye ekipleri teyakkuza ge\u00e7ti.<\/p>\n<p>Bodrum Belediyesi, Meteoroloji Genel M\u00fcd\u00fcrl\u00fc\u011f\u00fc taraf\u0131ndan yap\u0131lan meteorolojik uyar\u0131lar\u0131n ard\u0131ndan Afet \u0130\u015fleri ve Risk Y\u00f6netimi M\u00fcd\u00fcrl\u00fc\u011f\u00fc koordinesinde teyakkuza ge\u00e7ti.<\/p>\n<p>Zab\u0131ta, Fen \u0130\u015fleri, Temizlik \u0130\u015fleri ve Destek Hizmetleri m\u00fcd\u00fcrl\u00fcklerine ba\u011fl\u0131 ekipler, ge\u00e7mi\u015fte ta\u015fk\u0131n ya\u015fanan b\u00f6lgelerde devriyelerini s\u0131kla\u015ft\u0131r\u0131rken, dere yataklar\u0131 ve ya\u011fmur suyu hatlar\u0131nda t\u0131kanma riskine kar\u015f\u0131 belirlenen noktalarda d\u00fczenli temizlik \u00e7al\u0131\u015fmalar\u0131 ger\u00e7ekle\u015ftirdi.<\/p>\n<p>Park ve Bah\u00e7eler M\u00fcd\u00fcrl\u00fc\u011f\u00fc ekipleri ise Pazartesi sabah\u0131ndan Sal\u0131 sabah\u0131na kadar meydana gelen 15 a\u011fa\u00e7 devrilmesi olay\u0131na an\u0131nda m\u00fcdahale etti.<\/p>\n<p>Olumsuz hava \u015fartlar\u0131na ra\u011fmen saha ziyaretlerini s\u00fcrd\u00fcren Bodrum Belediye Ba\u015fkan\u0131 Tamer Mandalinci, \u0130slamhaneleri Mahallesi\u2019nde \u015fiddetli ve ani ya\u011f\u0131\u015flar sonras\u0131 olu\u015fabilecek olumsuzluklar\u0131 yerinde inceleyerek gerekli tedbirlerin al\u0131nmas\u0131 i\u00e7in ilgili birimlere talimat verdi.<\/p>\n<p>Meteorolojik uyar\u0131lar\u0131n devam etti\u011fi Bodrum\u2019da belediye ekiplerinin f\u0131rt\u0131na ve ya\u011fmur mesaisi aral\u0131ks\u0131z s\u00fcr\u00fcyor.<br \/><\/p>\n","protected":false},"excerpt":{"rendered":"<p>Bodrum\u2019da etkili olan f\u0131rt\u0131na ve ya\u011f\u0131\u015fl\u0131 hava nedeniyle belediye ekipleri teyakkuza ge\u00e7ti. Bodrum Belediyesi, Meteoroloji Genel M\u00fcd\u00fcrl\u00fc\u011f\u00fc taraf\u0131ndan yap\u0131lan meteorolojik uyar\u0131lar\u0131n ard\u0131ndan Afet \u0130\u015fleri ve Risk Y\u00f6netimi M\u00fcd\u00fcrl\u00fc\u011f\u00fc koordinesinde teyakkuza ge\u00e7ti. Zab\u0131ta, Fen \u0130\u015fleri, Temizlik \u0130\u015fleri ve Destek Hizmetleri m\u00fcd\u00fcrl\u00fcklerine ba\u011fl\u0131 ekipler, ge\u00e7mi\u015fte ta\u015fk\u0131n ya\u015fanan b\u00f6lgelerde devriyelerini s\u0131kla\u015ft\u0131r\u0131rken, dere yataklar\u0131 ve ya\u011fmur suyu hatlar\u0131nda t\u0131kanma&#8230;<\/p>\n","protected":false},"author":1,"featured_media":83406,"comment_status":"open","ping_status":"open","sticky":false,"template":"","format":"standard","meta":{"_crdt_document":"","footnotes":""},"categories":[1],"tags":[],"class_list":["post-83405","post","type-post","status-publish","format-standard","has-post-thumbnail","hentry","category-guncel"],"_links":{"self":[{"href":"https:\/\/www.egemtv.com\/index.php?rest_route=\/wp\/v2\/posts\/83405","targetHints":{"allow":["GET"]}}],"collection":[{"href":"https:\/\/www.egemtv.com\/index.php?rest_route=\/wp\/v2\/posts"}],"about":[{"href":"https:\/\/www.egemtv.com\/index.php?rest_route=\/wp\/v2\/types\/post"}],"author":[{"embeddable":true,"href":"https:\/\/www.egemtv.com\/index.php?rest_route=\/wp\/v2\/users\/1"}],"replies":[{"embeddable":true,"href":"https:\/\/www.egemtv.com\/index.php?rest_route=%2Fwp%2Fv2%2Fcomments&post=83405"}],"version-history":[{"count":1,"href":"https:\/\/www.egemtv.com\/index.php?rest_route=\/wp\/v2\/posts\/83405\/revisions"}],"predecessor-version":[{"id":83407,"href":"https:\/\/www.egemtv.com\/index.php?rest_route=\/wp\/v2\/posts\/83405\/revisions\/83407"}],"wp:featuredmedia":[{"embeddable":true,"href":"https:\/\/www.egemtv.com\/index.php?rest_route=\/wp\/v2\/media\/83406"}],"wp:attachment":[{"href":"https:\/\/www.egemtv.com\/index.php?rest_route=%2Fwp%2Fv2%2Fmedia&parent=83405"}],"wp:term":[{"taxonomy":"category","embeddable":true,"href":"https:\/\/www.egemtv.com\/index.php?rest_route=%2Fwp%2Fv2%2Fcategories&post=83405"},{"taxonomy":"post_tag","embeddable":true,"href":"https:\/\/www.egemtv.com\/index.php?rest_route=%2Fwp%2Fv2%2Ftags&post=83405"}],"curies":[{"name":"wp","href":"https:\/\/api.w.org\/{rel}","templated":true}]}}