{"id":83402,"date":"2026-01-27T14:54:42","date_gmt":"2026-01-27T11:54:42","guid":{"rendered":"https:\/\/www.egemtv.com\/?p=83402"},"modified":"2026-01-27T14:54:42","modified_gmt":"2026-01-27T11:54:42","slug":"datcanin-ulasim-altyapisi-buyuksehir-yatirimlariyla-gucleniyor","status":"publish","type":"post","link":"https:\/\/www.egemtv.com\/?p=83402","title":{"rendered":"Dat\u00e7a\u2019n\u0131n ula\u015f\u0131m altyap\u0131s\u0131 b\u00fcy\u00fck\u015fehir yat\u0131r\u0131mlar\u0131yla g\u00fc\u00e7leniyor"},"content":{"rendered":"<p>Mu\u011fla B\u00fcy\u00fck\u015fehir Belediyesi, Dat\u00e7a il\u00e7esinde ula\u015f\u0131m altyap\u0131s\u0131n\u0131 g\u00fc\u00e7lendirmek amac\u0131yla ba\u015flatt\u0131\u011f\u0131 300 milyon TL\u2019lik yol yat\u0131r\u0131m\u0131 \u00e7al\u0131\u015fmalar\u0131n\u0131 aral\u0131ks\u0131z s\u00fcrd\u00fcr\u00fcyor.<br \/>\n<br \/>Mu\u011fla B\u00fcy\u00fck\u015fehir Belediyesi, kent genelinde yol yat\u0131r\u0131mlar\u0131na devam ederek vatanda\u015flara daha g\u00fcvenli, konforlu ve s\u00fcrd\u00fcr\u00fclebilir bir ula\u015f\u0131m a\u011f\u0131 sunmak i\u00e7in \u00e7al\u0131\u015fmalar\u0131na devam ediyor.<br \/>\n<br \/>Bu kapsamda B\u00fcy\u00fck\u015fehir Belediyesi, Dat\u00e7a\u2019n\u0131n ula\u015f\u0131m altyap\u0131s\u0131n\u0131 daha g\u00fcvenli ve konforlu hale getirmek i\u00e7in ba\u015flatt\u0131\u011f\u0131 300 milyon TL\u2019lik yat\u0131r\u0131m program\u0131 kapsam\u0131nda 53 bin metre uzunlu\u011fundaki yol a\u011f\u0131nda;  ya\u011fmursuyu altyap\u0131 imalatlar\u0131, zemin iyile\u015ftirme \u00e7al\u0131\u015fmalar\u0131, s\u0131cak asfalt kaplama ve kald\u0131r\u0131m d\u00fczenlemeleri e\u015f zamanl\u0131 olarak ger\u00e7ekle\u015ftiriliyor.<br \/>\n<br \/>Yol yap\u0131m program\u0131 do\u011frultusunda Dat\u00e7a \u00c7evre Yolu\u2019nda ya\u011fmursuyu altyap\u0131s\u0131 imalatlar\u0131na ba\u015fland\u0131. \u00c7al\u0131\u015fmalar kapsam\u0131nda ya\u011fmursuyu altyap\u0131s\u0131, zemin iyile\u015ftirme, s\u0131cak asfalt kaplama ve kald\u0131r\u0131m d\u00fczenlemeleri yap\u0131lacak.<br \/>\n<br \/>B\u00fcy\u00fck\u015fehir Belediyesi, Dat\u00e7a Merkez\u2019de muhtelif yollarda Dat\u00e7a Belediyesi ile yap\u0131lan protokol kapsam\u0131nda s\u0131cak asfalt \u00e7al\u0131\u015fmalar\u0131, Kaz\u0131m Y\u0131lmaz Caddesi\u2019nde s\u0131cak asfalt imalat\u0131, M\u00fczreki Sokak\u2019ta (543. Sokak)  ya\u011fmursuyu altyap\u0131s\u0131, zemin iyile\u015ftirme ve s\u0131cak asfalt imalat\u0131 yap\u0131yor.<br \/>\n<br \/>Re\u015fadiye-Mesudiye yol ayr\u0131m\u0131nda zemin iyile\u015ftirme ve s\u0131cak asfalt \u00e7al\u0131\u015fmalar\u0131, Mesudiye-Palamutb\u00fck\u00fc yolu ile Yaka &#8211; Yaz\u0131k\u00f6y yolunda zemin iyile\u015ftirme ve sathi kaplama \u00e7al\u0131\u015fmalar\u0131 yap\u0131lacak.<br \/>\n<br \/>Ba\u015fkan Aras: &#8220;Dat\u00e7a\u2019ya yak\u0131\u015fan yollar\u0131 hep birlikte hayata ge\u00e7iriyoruz&#8221;<br \/>\n<br \/>K\u0131y\u0131 Ege Belediyeler Birli\u011fi ve Mu\u011fla B\u00fcy\u00fck\u015fehir Belediye Ba\u015fkan\u0131 Ahmet Aras, Dat\u00e7a\u2019da devam eden yol yat\u0131r\u0131mlar\u0131yla ilgili yapt\u0131\u011f\u0131 a\u00e7\u0131klamada, il\u00e7enin uzun y\u0131llard\u0131r bekledi\u011fi ula\u015f\u0131m yat\u0131r\u0131mlar\u0131n\u0131n ad\u0131m ad\u0131m hayata ge\u00e7irildi\u011fini s\u00f6yledi.<br \/>\n<br \/>Ba\u015fkan Aras, &#8220;Dat\u00e7a\u2019m\u0131z do\u011fal g\u00fczellikleriyle oldu\u011fu kadar ya\u015fam kalitesiyle de \u00f6rnek bir il\u00e7e. Biz de bu anlay\u0131\u015fla, Dat\u00e7a\u2019n\u0131n ihtiya\u00e7 duydu\u011fu yol ve altyap\u0131 yat\u0131r\u0131mlar\u0131n\u0131 planl\u0131 bir \u015fekilde hayata ge\u00e7iriyoruz. Ya\u011fmursuyunu, altyap\u0131y\u0131 ve asfalt\u0131 birlikte ele alarak kal\u0131c\u0131 \u00e7\u00f6z\u00fcmler \u00fcretiyoruz&#8221; dedi.<br \/>\n<br \/>\u00c7al\u0131\u015fmalar\u0131n etaplar halinde s\u00fcrd\u00fc\u011f\u00fcn\u00fc belirten Ba\u015fkan Aras, &#8220;Amac\u0131m\u0131z g\u00fcn\u00fc kurtaran i\u015fler yapmak de\u011fil, Dat\u00e7a\u2019ya uzun y\u0131llar hizmet edecek yollar kazand\u0131rmak. Hem\u015fehrilerimizin daha g\u00fcvenli, konforlu yollarda seyahat etmesi i\u00e7in ekiplerimiz sahada yo\u011fun bir mesai y\u00fcr\u00fct\u00fcyor. Dat\u00e7a\u2019da oldu\u011fu gibi Mu\u011fla\u2019n\u0131n t\u00fcm il\u00e7elerinde ula\u015f\u0131m yat\u0131r\u0131mlar\u0131m\u0131za kararl\u0131l\u0131kla devam edece\u011fiz&#8221; ifadelerini kulland\u0131.<br \/><\/p>\n","protected":false},"excerpt":{"rendered":"<p>Mu\u011fla B\u00fcy\u00fck\u015fehir Belediyesi, Dat\u00e7a il\u00e7esinde ula\u015f\u0131m altyap\u0131s\u0131n\u0131 g\u00fc\u00e7lendirmek amac\u0131yla ba\u015flatt\u0131\u011f\u0131 300 milyon TL\u2019lik yol yat\u0131r\u0131m\u0131 \u00e7al\u0131\u015fmalar\u0131n\u0131 aral\u0131ks\u0131z s\u00fcrd\u00fcr\u00fcyor. Mu\u011fla B\u00fcy\u00fck\u015fehir Belediyesi, kent genelinde yol yat\u0131r\u0131mlar\u0131na devam ederek vatanda\u015flara daha g\u00fcvenli, konforlu ve s\u00fcrd\u00fcr\u00fclebilir bir ula\u015f\u0131m a\u011f\u0131 sunmak i\u00e7in \u00e7al\u0131\u015fmalar\u0131na devam ediyor. Bu kapsamda B\u00fcy\u00fck\u015fehir Belediyesi, Dat\u00e7a\u2019n\u0131n ula\u015f\u0131m altyap\u0131s\u0131n\u0131 daha g\u00fcvenli ve konforlu hale getirmek i\u00e7in&#8230;<\/p>\n","protected":false},"author":1,"featured_media":83403,"comment_status":"open","ping_status":"open","sticky":false,"template":"","format":"standard","meta":{"_crdt_document":"","footnotes":""},"categories":[1],"tags":[],"class_list":["post-83402","post","type-post","status-publish","format-standard","has-post-thumbnail","hentry","category-guncel"],"_links":{"self":[{"href":"https:\/\/www.egemtv.com\/index.php?rest_route=\/wp\/v2\/posts\/83402","targetHints":{"allow":["GET"]}}],"collection":[{"href":"https:\/\/www.egemtv.com\/index.php?rest_route=\/wp\/v2\/posts"}],"about":[{"href":"https:\/\/www.egemtv.com\/index.php?rest_route=\/wp\/v2\/types\/post"}],"author":[{"embeddable":true,"href":"https:\/\/www.egemtv.com\/index.php?rest_route=\/wp\/v2\/users\/1"}],"replies":[{"embeddable":true,"href":"https:\/\/www.egemtv.com\/index.php?rest_route=%2Fwp%2Fv2%2Fcomments&post=83402"}],"version-history":[{"count":1,"href":"https:\/\/www.egemtv.com\/index.php?rest_route=\/wp\/v2\/posts\/83402\/revisions"}],"predecessor-version":[{"id":83404,"href":"https:\/\/www.egemtv.com\/index.php?rest_route=\/wp\/v2\/posts\/83402\/revisions\/83404"}],"wp:featuredmedia":[{"embeddable":true,"href":"https:\/\/www.egemtv.com\/index.php?rest_route=\/wp\/v2\/media\/83403"}],"wp:attachment":[{"href":"https:\/\/www.egemtv.com\/index.php?rest_route=%2Fwp%2Fv2%2Fmedia&parent=83402"}],"wp:term":[{"taxonomy":"category","embeddable":true,"href":"https:\/\/www.egemtv.com\/index.php?rest_route=%2Fwp%2Fv2%2Fcategories&post=83402"},{"taxonomy":"post_tag","embeddable":true,"href":"https:\/\/www.egemtv.com\/index.php?rest_route=%2Fwp%2Fv2%2Ftags&post=83402"}],"curies":[{"name":"wp","href":"https:\/\/api.w.org\/{rel}","templated":true}]}}