{"id":83399,"date":"2026-01-27T14:54:41","date_gmt":"2026-01-27T11:54:41","guid":{"rendered":"https:\/\/www.egemtv.com\/?p=83399"},"modified":"2026-01-27T14:54:42","modified_gmt":"2026-01-27T11:54:42","slug":"morris-sinasi-cocuk-hastanesi-yeniden-manisaya-kazandiriliyor","status":"publish","type":"post","link":"https:\/\/www.egemtv.com\/?p=83399","title":{"rendered":"Morris \u015einasi \u00c7ocuk Hastanesi yeniden Manisa\u2019ya kazand\u0131r\u0131l\u0131yor"},"content":{"rendered":"<p>AK Parti Manisa \u0130l Ba\u015fkan\u0131 S\u00fcleyman Turgut, uzun s\u00fcredir at\u0131l durumda bulunan Morris \u015einasi \u00c7ocuk Hastanesi\u2019nin g\u00fc\u00e7lendirme ve tadilat projesinin 2026 Y\u0131l\u0131 Yat\u0131r\u0131m Program\u0131na al\u0131nd\u0131\u011f\u0131n\u0131 a\u00e7\u0131klad\u0131.<br \/>\n<br \/>Manisa\u2019n\u0131n sa\u011fl\u0131k altyap\u0131s\u0131 a\u00e7\u0131s\u0131ndan b\u00fcy\u00fck \u00f6nem ta\u015f\u0131yan Morris \u015einasi \u00c7ocuk Hastanesi\u2019nin, ger\u00e7ekle\u015ftirilecek kapsaml\u0131 g\u00fc\u00e7lendirme ve yenileme \u00e7al\u0131\u015fmalar\u0131n\u0131n ard\u0131ndan yeniden hizmete a\u00e7\u0131lmas\u0131 hedefleniyor. Toplam yat\u0131r\u0131m bedeli 120 milyon TL olan proje kapsam\u0131nda hastanenin k\u0131sa s\u00fcre i\u00e7erisinde ihaleye \u00e7\u0131kar\u0131lmas\u0131 planlan\u0131yor.<br \/>\n<br \/>Yat\u0131r\u0131m program\u0131na al\u0131nan proje do\u011frultusunda hastanede kapsaml\u0131 tadilat ve g\u00fc\u00e7lendirme \u00e7al\u0131\u015fmalar\u0131 ger\u00e7ekle\u015ftirilecek. \u00c7al\u0131\u015fmalar\u0131n tamamlanmas\u0131n\u0131n ard\u0131ndan Morris \u015einasi \u00c7ocuk Hastanesi, 100 yatak kapasiteli modern bir sa\u011fl\u0131k tesisi olarak yeniden Manisal\u0131lar\u0131n hizmetine sunulacak.<br \/>\n<br \/>Konuya ili\u015fkin a\u00e7\u0131klamalarda bulunan AK Parti Manisa \u0130l Ba\u015fkan\u0131 S\u00fcleyman Turgut, s\u00fcrecin kararl\u0131l\u0131kla y\u00fcr\u00fct\u00fcld\u00fc\u011f\u00fcn\u00fc belirterek, &#8220;Manisa\u2019m\u0131z i\u00e7in hayati \u00f6neme sahip Morris \u015einasi \u00c7ocuk Hastanemizin yeniden hizmete kazand\u0131r\u0131lmas\u0131 ad\u0131na milletvekillerimizle birlikte yo\u011fun bir \u00e7al\u0131\u015fma y\u00fcr\u00fctt\u00fck. Bu giri\u015fimler neticesinde projemizi 2026 Y\u0131l\u0131 Yat\u0131r\u0131m Program\u0131na ald\u0131rmay\u0131 ba\u015fard\u0131k. \u0130hale s\u00fcrecinin ard\u0131ndan hastanemiz daha g\u00fc\u00e7l\u00fc ve daha modern bir \u015fekilde halk\u0131m\u0131za hizmet verecek&#8221; dedi.<br \/>\n<br \/>Turgut, projeye destek veren milletvekillerine, Sa\u011fl\u0131k Bakan\u0131 Kemal Memi\u015fo\u011flu ile Cumhurba\u015fkan\u0131 Recep Tayyip Erdo\u011fan\u2019a te\u015fekk\u00fcr ederek, Manisa i\u00e7in \u00e7al\u0131\u015fmay\u0131 s\u00fcrd\u00fcreceklerini ifade etti.<br \/><\/p>\n","protected":false},"excerpt":{"rendered":"<p>AK Parti Manisa \u0130l Ba\u015fkan\u0131 S\u00fcleyman Turgut, uzun s\u00fcredir at\u0131l durumda bulunan Morris \u015einasi \u00c7ocuk Hastanesi\u2019nin g\u00fc\u00e7lendirme ve tadilat projesinin 2026 Y\u0131l\u0131 Yat\u0131r\u0131m Program\u0131na al\u0131nd\u0131\u011f\u0131n\u0131 a\u00e7\u0131klad\u0131. Manisa\u2019n\u0131n sa\u011fl\u0131k altyap\u0131s\u0131 a\u00e7\u0131s\u0131ndan b\u00fcy\u00fck \u00f6nem ta\u015f\u0131yan Morris \u015einasi \u00c7ocuk Hastanesi\u2019nin, ger\u00e7ekle\u015ftirilecek kapsaml\u0131 g\u00fc\u00e7lendirme ve yenileme \u00e7al\u0131\u015fmalar\u0131n\u0131n ard\u0131ndan yeniden hizmete a\u00e7\u0131lmas\u0131 hedefleniyor. Toplam yat\u0131r\u0131m bedeli 120 milyon TL olan&#8230;<\/p>\n","protected":false},"author":1,"featured_media":83400,"comment_status":"open","ping_status":"open","sticky":false,"template":"","format":"standard","meta":{"_crdt_document":"","footnotes":""},"categories":[2],"tags":[],"class_list":["post-83399","post","type-post","status-publish","format-standard","has-post-thumbnail","hentry","category-saglik"],"_links":{"self":[{"href":"https:\/\/www.egemtv.com\/index.php?rest_route=\/wp\/v2\/posts\/83399","targetHints":{"allow":["GET"]}}],"collection":[{"href":"https:\/\/www.egemtv.com\/index.php?rest_route=\/wp\/v2\/posts"}],"about":[{"href":"https:\/\/www.egemtv.com\/index.php?rest_route=\/wp\/v2\/types\/post"}],"author":[{"embeddable":true,"href":"https:\/\/www.egemtv.com\/index.php?rest_route=\/wp\/v2\/users\/1"}],"replies":[{"embeddable":true,"href":"https:\/\/www.egemtv.com\/index.php?rest_route=%2Fwp%2Fv2%2Fcomments&post=83399"}],"version-history":[{"count":1,"href":"https:\/\/www.egemtv.com\/index.php?rest_route=\/wp\/v2\/posts\/83399\/revisions"}],"predecessor-version":[{"id":83401,"href":"https:\/\/www.egemtv.com\/index.php?rest_route=\/wp\/v2\/posts\/83399\/revisions\/83401"}],"wp:featuredmedia":[{"embeddable":true,"href":"https:\/\/www.egemtv.com\/index.php?rest_route=\/wp\/v2\/media\/83400"}],"wp:attachment":[{"href":"https:\/\/www.egemtv.com\/index.php?rest_route=%2Fwp%2Fv2%2Fmedia&parent=83399"}],"wp:term":[{"taxonomy":"category","embeddable":true,"href":"https:\/\/www.egemtv.com\/index.php?rest_route=%2Fwp%2Fv2%2Fcategories&post=83399"},{"taxonomy":"post_tag","embeddable":true,"href":"https:\/\/www.egemtv.com\/index.php?rest_route=%2Fwp%2Fv2%2Ftags&post=83399"}],"curies":[{"name":"wp","href":"https:\/\/api.w.org\/{rel}","templated":true}]}}