{"id":83396,"date":"2026-01-27T14:54:39","date_gmt":"2026-01-27T11:54:39","guid":{"rendered":"https:\/\/www.egemtv.com\/?p=83396"},"modified":"2026-01-27T14:54:40","modified_gmt":"2026-01-27T11:54:40","slug":"somaspor-hazirliklarini-tamamladi","status":"publish","type":"post","link":"https:\/\/www.egemtv.com\/?p=83396","title":{"rendered":"Somaspor haz\u0131rl\u0131klar\u0131n\u0131 tamamlad\u0131"},"content":{"rendered":"<p>TFF 2. Lig K\u0131rm\u0131z\u0131 Grup 21. hafta m\u00fccadelesinde 28 Ocak \u00c7ar\u015famba g\u00fcn\u00fc Ankara Demirspor\u2019u a\u011f\u0131rlayacak olan Somaspor haz\u0131rl\u0131klar\u0131n\u0131 tamamlad\u0131.<br \/>\n<br \/>Somaspor, TFF 2. Lig K\u0131rm\u0131z\u0131 Grup 21. haftas\u0131nda oynayaca\u011f\u0131 Ankara Demirspor kar\u015f\u0131la\u015fmas\u0131n\u0131n haz\u0131rl\u0131klar\u0131n\u0131 tamamlad\u0131. Somaspor &#8211; Ankara Demirspor kar\u015f\u0131la\u015fmas\u0131n\u0131 hakem Semih Kurt y\u00f6netecek. Kurt\u2019un yard\u0131mc\u0131l\u0131klar\u0131n\u0131 Mehmet Kiri\u015f\u00e7io\u011flu ile Tolga Okumu\u015f yapacak. Kar\u015f\u0131la\u015fman\u0131n 4. hakemi ise \u0130smet Y\u0131lmaz olarak a\u00e7\u0131kland\u0131.<br \/>\n<br \/>M\u00fcsabakan\u0131n biletlerinin ise online sat\u0131\u015fa \u00e7\u0131kt\u0131\u011f\u0131 duyuruldu.<br \/>\n<br \/>Ligin 20. haftas\u0131nda oynanmas\u0131 gereken Mardin 1969 Spor &#8211; Somaspor kar\u015f\u0131la\u015fmas\u0131 olumsuz hava \u015fartlar\u0131 nedeniyle Somaspor\u2019un ula\u015f\u0131m\u0131nda ya\u015fanan engellerden dolay\u0131 T\u00fcrkiye Futbol Federasyonu\u2019nca ileri bir tarihe ertelenmi\u015fti.<br \/>\n<br \/>Somaspor 19 ma\u00e7ta 3 galibiyet, 3 beraberlik ve 13 ma\u011flubiyetle toplad\u0131\u011f\u0131 12 puanla 15. s\u0131rada yer al\u0131rken, Ankara Demirspor ise 20 ma\u00e7ta 8 galibiyet, 5 beraberlik, 7 ma\u011flubiyet sonucu 29 puanla 10. s\u0131rada bulunuyor.<br \/><\/p>\n","protected":false},"excerpt":{"rendered":"<p>TFF 2. Lig K\u0131rm\u0131z\u0131 Grup 21. hafta m\u00fccadelesinde 28 Ocak \u00c7ar\u015famba g\u00fcn\u00fc Ankara Demirspor\u2019u a\u011f\u0131rlayacak olan Somaspor haz\u0131rl\u0131klar\u0131n\u0131 tamamlad\u0131. Somaspor, TFF 2. Lig K\u0131rm\u0131z\u0131 Grup 21. haftas\u0131nda oynayaca\u011f\u0131 Ankara Demirspor kar\u015f\u0131la\u015fmas\u0131n\u0131n haz\u0131rl\u0131klar\u0131n\u0131 tamamlad\u0131. Somaspor &#8211; Ankara Demirspor kar\u015f\u0131la\u015fmas\u0131n\u0131 hakem Semih Kurt y\u00f6netecek. Kurt\u2019un yard\u0131mc\u0131l\u0131klar\u0131n\u0131 Mehmet Kiri\u015f\u00e7io\u011flu ile Tolga Okumu\u015f yapacak. Kar\u015f\u0131la\u015fman\u0131n 4. hakemi ise \u0130smet&#8230;<\/p>\n","protected":false},"author":1,"featured_media":83397,"comment_status":"open","ping_status":"open","sticky":false,"template":"","format":"standard","meta":{"_crdt_document":"","footnotes":""},"categories":[4],"tags":[],"class_list":["post-83396","post","type-post","status-publish","format-standard","has-post-thumbnail","hentry","category-spor"],"_links":{"self":[{"href":"https:\/\/www.egemtv.com\/index.php?rest_route=\/wp\/v2\/posts\/83396","targetHints":{"allow":["GET"]}}],"collection":[{"href":"https:\/\/www.egemtv.com\/index.php?rest_route=\/wp\/v2\/posts"}],"about":[{"href":"https:\/\/www.egemtv.com\/index.php?rest_route=\/wp\/v2\/types\/post"}],"author":[{"embeddable":true,"href":"https:\/\/www.egemtv.com\/index.php?rest_route=\/wp\/v2\/users\/1"}],"replies":[{"embeddable":true,"href":"https:\/\/www.egemtv.com\/index.php?rest_route=%2Fwp%2Fv2%2Fcomments&post=83396"}],"version-history":[{"count":1,"href":"https:\/\/www.egemtv.com\/index.php?rest_route=\/wp\/v2\/posts\/83396\/revisions"}],"predecessor-version":[{"id":83398,"href":"https:\/\/www.egemtv.com\/index.php?rest_route=\/wp\/v2\/posts\/83396\/revisions\/83398"}],"wp:featuredmedia":[{"embeddable":true,"href":"https:\/\/www.egemtv.com\/index.php?rest_route=\/wp\/v2\/media\/83397"}],"wp:attachment":[{"href":"https:\/\/www.egemtv.com\/index.php?rest_route=%2Fwp%2Fv2%2Fmedia&parent=83396"}],"wp:term":[{"taxonomy":"category","embeddable":true,"href":"https:\/\/www.egemtv.com\/index.php?rest_route=%2Fwp%2Fv2%2Fcategories&post=83396"},{"taxonomy":"post_tag","embeddable":true,"href":"https:\/\/www.egemtv.com\/index.php?rest_route=%2Fwp%2Fv2%2Ftags&post=83396"}],"curies":[{"name":"wp","href":"https:\/\/api.w.org\/{rel}","templated":true}]}}