{"id":83393,"date":"2026-01-27T14:34:52","date_gmt":"2026-01-27T11:34:52","guid":{"rendered":"https:\/\/www.egemtv.com\/?p=83393"},"modified":"2026-01-27T14:34:54","modified_gmt":"2026-01-27T11:34:54","slug":"girdigi-is-yerinden-koltuk-caldi","status":"publish","type":"post","link":"https:\/\/www.egemtv.com\/?p=83393","title":{"rendered":"Girdi\u011fi i\u015f yerinden koltuk \u00e7ald\u0131"},"content":{"rendered":"<p>Afyonkarahisar\u2019da polis taraf\u0131ndan son bir haftada ger\u00e7ekle\u015ftirilen denetimlerde \u00e7e\u015fitli su\u00e7lardan aranan 27 ki\u015fi yakalan\u0131rken, ekipler ofis koltu\u011fu \u00e7alan bir ki\u015fiyi de g\u00f6zalt\u0131na ald\u0131.<br \/>\n<br \/>Afyonkarahisar il emniyet m\u00fcd\u00fcrl\u00fc\u011f\u00fcnden denetimlerle ilgili yap\u0131lan yaz\u0131l\u0131 a\u00e7\u0131klamada, denetimlerin kentin farkl\u0131 noktalar\u0131nda Bir hafta boyunca yap\u0131ld\u0131\u011f\u0131 belirtildi. Denetimlerde \u00e7e\u015fitli su\u00e7lardan aranan 27 ki\u015finin yakaland\u0131\u011f\u0131 belirtilirken, &#8220;Denetimlerde 6 bin150 \u015fahs\u0131n ve bin 876 arac\u0131n sorgusu yap\u0131lm\u0131\u015ft\u0131r. Denetimlerde b\u0131\u00e7ak ta\u015f\u0131yan 13 \u015fahsa 48 bin 165 TL idari para cezas\u0131 kesilmi\u015ftir. Denetimlerde ayr\u0131ca 2 adet uyu\u015fturucu emzirilmi\u015f pe\u00e7ete ve 4 adet uyu\u015fturucu hap ele ge\u00e7irilmi\u015ftir.<br \/>\n<br \/>\u00d6te yandan, ekipler son bir hafta i\u00e7erisinde meydana gelen 4 h\u0131rs\u0131zl\u0131k olay\u0131n\u0131 da ayd\u0131nlat\u0131rken ofis koltu\u011fu da \u00e7alan bir \u015fah\u0131s g\u00f6zalt\u0131na al\u0131nd\u0131. \u015eahs\u0131n emniyetteki i\u015flemlerinin s\u00fcrd\u00fc\u011f\u00fc bildirildi.<br \/><\/p>\n","protected":false},"excerpt":{"rendered":"<p>Afyonkarahisar\u2019da polis taraf\u0131ndan son bir haftada ger\u00e7ekle\u015ftirilen denetimlerde \u00e7e\u015fitli su\u00e7lardan aranan 27 ki\u015fi yakalan\u0131rken, ekipler ofis koltu\u011fu \u00e7alan bir ki\u015fiyi de g\u00f6zalt\u0131na ald\u0131. Afyonkarahisar il emniyet m\u00fcd\u00fcrl\u00fc\u011f\u00fcnden denetimlerle ilgili yap\u0131lan yaz\u0131l\u0131 a\u00e7\u0131klamada, denetimlerin kentin farkl\u0131 noktalar\u0131nda Bir hafta boyunca yap\u0131ld\u0131\u011f\u0131 belirtildi. Denetimlerde \u00e7e\u015fitli su\u00e7lardan aranan 27 ki\u015finin yakaland\u0131\u011f\u0131 belirtilirken, &#8220;Denetimlerde 6 bin150 \u015fahs\u0131n ve bin&#8230;<\/p>\n","protected":false},"author":1,"featured_media":83394,"comment_status":"open","ping_status":"open","sticky":false,"template":"","format":"standard","meta":{"_crdt_document":"","footnotes":""},"categories":[5],"tags":[],"class_list":["post-83393","post","type-post","status-publish","format-standard","has-post-thumbnail","hentry","category-asayis"],"_links":{"self":[{"href":"https:\/\/www.egemtv.com\/index.php?rest_route=\/wp\/v2\/posts\/83393","targetHints":{"allow":["GET"]}}],"collection":[{"href":"https:\/\/www.egemtv.com\/index.php?rest_route=\/wp\/v2\/posts"}],"about":[{"href":"https:\/\/www.egemtv.com\/index.php?rest_route=\/wp\/v2\/types\/post"}],"author":[{"embeddable":true,"href":"https:\/\/www.egemtv.com\/index.php?rest_route=\/wp\/v2\/users\/1"}],"replies":[{"embeddable":true,"href":"https:\/\/www.egemtv.com\/index.php?rest_route=%2Fwp%2Fv2%2Fcomments&post=83393"}],"version-history":[{"count":1,"href":"https:\/\/www.egemtv.com\/index.php?rest_route=\/wp\/v2\/posts\/83393\/revisions"}],"predecessor-version":[{"id":83395,"href":"https:\/\/www.egemtv.com\/index.php?rest_route=\/wp\/v2\/posts\/83393\/revisions\/83395"}],"wp:featuredmedia":[{"embeddable":true,"href":"https:\/\/www.egemtv.com\/index.php?rest_route=\/wp\/v2\/media\/83394"}],"wp:attachment":[{"href":"https:\/\/www.egemtv.com\/index.php?rest_route=%2Fwp%2Fv2%2Fmedia&parent=83393"}],"wp:term":[{"taxonomy":"category","embeddable":true,"href":"https:\/\/www.egemtv.com\/index.php?rest_route=%2Fwp%2Fv2%2Fcategories&post=83393"},{"taxonomy":"post_tag","embeddable":true,"href":"https:\/\/www.egemtv.com\/index.php?rest_route=%2Fwp%2Fv2%2Ftags&post=83393"}],"curies":[{"name":"wp","href":"https:\/\/api.w.org\/{rel}","templated":true}]}}