{"id":83390,"date":"2026-01-27T14:14:54","date_gmt":"2026-01-27T11:14:54","guid":{"rendered":"https:\/\/www.egemtv.com\/?p=83390"},"modified":"2026-01-27T14:14:54","modified_gmt":"2026-01-27T11:14:54","slug":"jeotermal-su-destegiyle-tatli-su-karidesi-ve-balik-yetistiriciligi-projesinde-uretim-basliyor","status":"publish","type":"post","link":"https:\/\/www.egemtv.com\/?p=83390","title":{"rendered":"Jeotermal Su deste\u011fiyle Tatl\u0131 Su Karidesi ve Bal\u0131k Yeti\u015ftiricili\u011fi Projesinde \u00fcretim ba\u015fl\u0131yor"},"content":{"rendered":"<p>Afyonkarahisar\u2019da jeotermal kaynaklar\u0131n\u0131n etkin ve verimli kullan\u0131lmas\u0131 ve yeni yat\u0131r\u0131mlara zemin haz\u0131rlamas\u0131 amac\u0131yla Vali Do\u00e7. Dr. K\u00fcbra G\u00fcran Yi\u011fitba\u015f\u0131\u2019n\u0131n himayelerinde hayata ge\u00e7irilen ve jeotermal suda su \u00fcr\u00fcnleri yeti\u015ftirilecek Ar-Ge projesinde kurulum s\u00fcreci tamamland\u0131 ve havuzlara su verilmeye ba\u015fland\u0131.<br \/>\n<br \/>Afyonkarahisar Valili\u011fi himayelerinde, Afyonkarahisar \u0130l \u00d6zel \u0130daresi mali deste\u011fi ile haz\u0131rlanan ve Zafer Teknopark A.\u015e b\u00fcnyesinde uygulanmaya ba\u015flanan &#8220;Afyonkarahisar \u0130\u00e7in Termal Su Kaynaklar\u0131 ile Ekonomik ve S\u00fcrd\u00fcr\u00fclebilir Su \u00dcr\u00fcnleri (Karides-Mikroalg-Tatl\u0131su Bal\u0131klar\u0131) \u00dcretim Modeli Geli\u015ftirilme&#8221; isimli Ar-Ge projesinde \u00e7al\u0131\u015fmalar h\u0131zla ilerliyor.<br \/>\n<br \/>Teknopark b\u00fcnyesinde 520 metrekare kapal\u0131 alanda kurulu \u00fc\u00e7 serada proje kapsam\u0131nda yer alan \u00fcr\u00fcnlerin \u00fcretimi i\u00e7in teknik ve fiziki altyap\u0131 \u00e7al\u0131\u015fmalar\u0131 tamamlanarak canl\u0131lar\u0131n havuzlara al\u0131nmadan \u00f6nce biyolojik uyum \u00e7al\u0131\u015fmalar\u0131na ba\u015fland\u0131.<br \/>\n<br \/>Kurulan birinci serada Mikroalg ve Aquaponik sistem devreye al\u0131nd\u0131. Alg \u00fcretimi ve ye\u015fil bitki ekimi yap\u0131ld\u0131. 2. serada yer alan her biri yakla\u015f\u0131k 20 ton su kapasiteli tatl\u0131 su bal\u0131klar\u0131n\u0131n yeti\u015ftirilece\u011fi 4 havuza su verilerek bakteri ekimine ba\u015fland\u0131. \u00dc\u00e7 hafta s\u00fcren ve bir hafta sonra tamamlanacak bakteri ekimi sonras\u0131 bal\u0131klar havuzlara aktar\u0131lacak. 3. serada ise tatl\u0131 su karideslerin yeti\u015ftirilece\u011fi her biri yakla\u015f\u0131k 15 ton olan 4 havuza su verildi. Su devirdaim ve termal \u0131s\u0131tma testleri ile ar\u0131tma i\u015flemlerine devam ediliyor.<br \/>\n<br \/>T\u00fcrkiye\u2019de ilk defa uygulanan proje ile kapal\u0131 sistemle \u00fcretimi yap\u0131lacak tatl\u0131 su karidesler i\u00e7in \u00fcretime uygun olan t\u00fcrdeki yavru karideslerin yurt d\u0131\u015f\u0131ndan ithalat s\u00fcre\u00e7leri devam ediyor. Karides havuzlar\u0131na da bakteri ekimi yap\u0131ld\u0131ktan sonra canl\u0131lar\u0131n havuzlara al\u0131nmas\u0131 s\u00fcrecine ba\u015flanaca\u011f\u0131 belirtildi.<br \/><\/p>\n","protected":false},"excerpt":{"rendered":"<p>Afyonkarahisar\u2019da jeotermal kaynaklar\u0131n\u0131n etkin ve verimli kullan\u0131lmas\u0131 ve yeni yat\u0131r\u0131mlara zemin haz\u0131rlamas\u0131 amac\u0131yla Vali Do\u00e7. Dr. K\u00fcbra G\u00fcran Yi\u011fitba\u015f\u0131\u2019n\u0131n himayelerinde hayata ge\u00e7irilen ve jeotermal suda su \u00fcr\u00fcnleri yeti\u015ftirilecek Ar-Ge projesinde kurulum s\u00fcreci tamamland\u0131 ve havuzlara su verilmeye ba\u015fland\u0131. Afyonkarahisar Valili\u011fi himayelerinde, Afyonkarahisar \u0130l \u00d6zel \u0130daresi mali deste\u011fi ile haz\u0131rlanan ve Zafer Teknopark A.\u015e b\u00fcnyesinde uygulanmaya&#8230;<\/p>\n","protected":false},"author":1,"featured_media":83391,"comment_status":"open","ping_status":"open","sticky":false,"template":"","format":"standard","meta":{"_crdt_document":"","footnotes":""},"categories":[125],"tags":[],"class_list":["post-83390","post","type-post","status-publish","format-standard","has-post-thumbnail","hentry","category-ekonomi"],"_links":{"self":[{"href":"https:\/\/www.egemtv.com\/index.php?rest_route=\/wp\/v2\/posts\/83390","targetHints":{"allow":["GET"]}}],"collection":[{"href":"https:\/\/www.egemtv.com\/index.php?rest_route=\/wp\/v2\/posts"}],"about":[{"href":"https:\/\/www.egemtv.com\/index.php?rest_route=\/wp\/v2\/types\/post"}],"author":[{"embeddable":true,"href":"https:\/\/www.egemtv.com\/index.php?rest_route=\/wp\/v2\/users\/1"}],"replies":[{"embeddable":true,"href":"https:\/\/www.egemtv.com\/index.php?rest_route=%2Fwp%2Fv2%2Fcomments&post=83390"}],"version-history":[{"count":1,"href":"https:\/\/www.egemtv.com\/index.php?rest_route=\/wp\/v2\/posts\/83390\/revisions"}],"predecessor-version":[{"id":83392,"href":"https:\/\/www.egemtv.com\/index.php?rest_route=\/wp\/v2\/posts\/83390\/revisions\/83392"}],"wp:featuredmedia":[{"embeddable":true,"href":"https:\/\/www.egemtv.com\/index.php?rest_route=\/wp\/v2\/media\/83391"}],"wp:attachment":[{"href":"https:\/\/www.egemtv.com\/index.php?rest_route=%2Fwp%2Fv2%2Fmedia&parent=83390"}],"wp:term":[{"taxonomy":"category","embeddable":true,"href":"https:\/\/www.egemtv.com\/index.php?rest_route=%2Fwp%2Fv2%2Fcategories&post=83390"},{"taxonomy":"post_tag","embeddable":true,"href":"https:\/\/www.egemtv.com\/index.php?rest_route=%2Fwp%2Fv2%2Ftags&post=83390"}],"curies":[{"name":"wp","href":"https:\/\/api.w.org\/{rel}","templated":true}]}}