{"id":83384,"date":"2026-01-27T14:14:52","date_gmt":"2026-01-27T11:14:52","guid":{"rendered":"https:\/\/www.egemtv.com\/?p=83384"},"modified":"2026-01-27T14:14:52","modified_gmt":"2026-01-27T11:14:52","slug":"izmirde-otomobil-kontrolden-cikti-2-yarali","status":"publish","type":"post","link":"https:\/\/www.egemtv.com\/?p=83384","title":{"rendered":"\u0130zmir\u2019de otomobil kontrolden \u00e7\u0131kt\u0131: 2 yaral\u0131"},"content":{"rendered":"<p>\u0130zmir\u2019in \u00d6demi\u015f il\u00e7esinde, kontrolden \u00e7\u0131kan otomobilin yol kenar\u0131ndaki betona \u00e7arpmas\u0131 sonucu meydana gelen trafik kazas\u0131nda 2 ki\u015fi yaraland\u0131.<br \/>\n<br \/>Kaza, saat 11.00 s\u0131ralar\u0131nda \u00d6demi\u015f-Kiraz kara yolu \u00fczerinde meydana geldi. Edinilen bilgiye g\u00f6re, \u00d6demi\u015f\u2019ten Kiraz istikametine seyir halinde olan K.E. (69) idaresindeki 64 DC 668 plakal\u0131 otomobil, s\u00fcr\u00fcc\u00fcs\u00fcn\u00fcn direksiyon hakimiyetini kaybetmesi sonucu yoldan \u00e7\u0131karak yol kenar\u0131nda bulunan betona \u00e7arpt\u0131. Meydana gelen kazada, s\u00fcr\u00fcc\u00fc K.E. ile ara\u00e7ta yolcu konumunda bulunan R.B. (70) yaraland\u0131. \u0130hbar \u00fczerine olay yerine jandarma ve sa\u011fl\u0131k ekipleri sevk edildi. Yaral\u0131lar, olay yerinde yap\u0131lan ilk m\u00fcdahalelerinin ard\u0131ndan ambulansla \u00d6demi\u015f Devlet Hastanesi\u2019ne kald\u0131r\u0131larak tedavi alt\u0131na al\u0131nd\u0131.<br \/>\n<br \/>Kazayla ilgili soru\u015fturma ba\u015flat\u0131ld\u0131.<br \/><\/p>\n","protected":false},"excerpt":{"rendered":"<p>\u0130zmir\u2019in \u00d6demi\u015f il\u00e7esinde, kontrolden \u00e7\u0131kan otomobilin yol kenar\u0131ndaki betona \u00e7arpmas\u0131 sonucu meydana gelen trafik kazas\u0131nda 2 ki\u015fi yaraland\u0131. Kaza, saat 11.00 s\u0131ralar\u0131nda \u00d6demi\u015f-Kiraz kara yolu \u00fczerinde meydana geldi. Edinilen bilgiye g\u00f6re, \u00d6demi\u015f\u2019ten Kiraz istikametine seyir halinde olan K.E. (69) idaresindeki 64 DC 668 plakal\u0131 otomobil, s\u00fcr\u00fcc\u00fcs\u00fcn\u00fcn direksiyon hakimiyetini kaybetmesi sonucu yoldan \u00e7\u0131karak yol kenar\u0131nda bulunan&#8230;<\/p>\n","protected":false},"author":1,"featured_media":83385,"comment_status":"open","ping_status":"open","sticky":false,"template":"","format":"standard","meta":{"_crdt_document":"","footnotes":""},"categories":[5],"tags":[],"class_list":["post-83384","post","type-post","status-publish","format-standard","has-post-thumbnail","hentry","category-asayis"],"_links":{"self":[{"href":"https:\/\/www.egemtv.com\/index.php?rest_route=\/wp\/v2\/posts\/83384","targetHints":{"allow":["GET"]}}],"collection":[{"href":"https:\/\/www.egemtv.com\/index.php?rest_route=\/wp\/v2\/posts"}],"about":[{"href":"https:\/\/www.egemtv.com\/index.php?rest_route=\/wp\/v2\/types\/post"}],"author":[{"embeddable":true,"href":"https:\/\/www.egemtv.com\/index.php?rest_route=\/wp\/v2\/users\/1"}],"replies":[{"embeddable":true,"href":"https:\/\/www.egemtv.com\/index.php?rest_route=%2Fwp%2Fv2%2Fcomments&post=83384"}],"version-history":[{"count":1,"href":"https:\/\/www.egemtv.com\/index.php?rest_route=\/wp\/v2\/posts\/83384\/revisions"}],"predecessor-version":[{"id":83386,"href":"https:\/\/www.egemtv.com\/index.php?rest_route=\/wp\/v2\/posts\/83384\/revisions\/83386"}],"wp:featuredmedia":[{"embeddable":true,"href":"https:\/\/www.egemtv.com\/index.php?rest_route=\/wp\/v2\/media\/83385"}],"wp:attachment":[{"href":"https:\/\/www.egemtv.com\/index.php?rest_route=%2Fwp%2Fv2%2Fmedia&parent=83384"}],"wp:term":[{"taxonomy":"category","embeddable":true,"href":"https:\/\/www.egemtv.com\/index.php?rest_route=%2Fwp%2Fv2%2Fcategories&post=83384"},{"taxonomy":"post_tag","embeddable":true,"href":"https:\/\/www.egemtv.com\/index.php?rest_route=%2Fwp%2Fv2%2Ftags&post=83384"}],"curies":[{"name":"wp","href":"https:\/\/api.w.org\/{rel}","templated":true}]}}