{"id":83381,"date":"2026-01-27T14:14:50","date_gmt":"2026-01-27T11:14:50","guid":{"rendered":"https:\/\/www.egemtv.com\/?p=83381"},"modified":"2026-01-27T14:14:51","modified_gmt":"2026-01-27T11:14:51","slug":"aydinda-3-ilcenin-icme-suyu-karsilanacak","status":"publish","type":"post","link":"https:\/\/www.egemtv.com\/?p=83381","title":{"rendered":"Ayd\u0131n\u2019da 3 il\u00e7enin i\u00e7me suyu kar\u015f\u0131lanacak"},"content":{"rendered":"<p>Ayd\u0131n\u2019\u0131n Nazilli, Kuyucak ve Buharkent il\u00e7elerinin y\u0131ll\u0131k 10,73 milyon metrek\u00fcp i\u00e7me suyu ihtiyac\u0131n\u0131 kar\u015f\u0131layacak olan tesiste \u00e7al\u0131\u015fmalar aral\u0131ks\u0131z s\u00fcr\u00fcyor.<\/p>\n<p>Ayd\u0131n\u2019da i\u00e7me suyu ve tar\u0131msal sulamaya y\u00f6nelik yap\u0131lan tesislerde \u00e7al\u0131\u015fmalar devam ederken, Nazilli ve \u00c7evresi Yerle\u015fim Yerleri \u0130\u00e7mesuyu Tesisleri \u0130kmali 2. K\u0131s\u0131m in\u015faat\u0131 kapsam\u0131nda yap\u0131lan ar\u0131tma tesisi ile isale hatt\u0131nda da \u00e7al\u0131\u015fmalar aral\u0131ks\u0131z s\u00fcr\u00fcyor. Yap\u0131lan \u00e7al\u0131\u015fmalar\u0131n tamamlanmas\u0131yla birlikte Karacasu Baraj\u0131\u2019ndan al\u0131nacak su ile Ayd\u0131n\u2019\u0131n Nazilli, Kuyucak ve Buharkent il\u00e7eleri ile civar yerle\u015fimlerine y\u0131ll\u0131k 10,73 milyon metrek\u00fcp i\u00e7me suyu temin edilecek.<br \/><\/p>\n","protected":false},"excerpt":{"rendered":"<p>Ayd\u0131n\u2019\u0131n Nazilli, Kuyucak ve Buharkent il\u00e7elerinin y\u0131ll\u0131k 10,73 milyon metrek\u00fcp i\u00e7me suyu ihtiyac\u0131n\u0131 kar\u015f\u0131layacak olan tesiste \u00e7al\u0131\u015fmalar aral\u0131ks\u0131z s\u00fcr\u00fcyor. Ayd\u0131n\u2019da i\u00e7me suyu ve tar\u0131msal sulamaya y\u00f6nelik yap\u0131lan tesislerde \u00e7al\u0131\u015fmalar devam ederken, Nazilli ve \u00c7evresi Yerle\u015fim Yerleri \u0130\u00e7mesuyu Tesisleri \u0130kmali 2. K\u0131s\u0131m in\u015faat\u0131 kapsam\u0131nda yap\u0131lan ar\u0131tma tesisi ile isale hatt\u0131nda da \u00e7al\u0131\u015fmalar aral\u0131ks\u0131z s\u00fcr\u00fcyor. Yap\u0131lan \u00e7al\u0131\u015fmalar\u0131n&#8230;<\/p>\n","protected":false},"author":1,"featured_media":83382,"comment_status":"open","ping_status":"open","sticky":false,"template":"","format":"standard","meta":{"_crdt_document":"","footnotes":""},"categories":[1],"tags":[],"class_list":["post-83381","post","type-post","status-publish","format-standard","has-post-thumbnail","hentry","category-guncel"],"_links":{"self":[{"href":"https:\/\/www.egemtv.com\/index.php?rest_route=\/wp\/v2\/posts\/83381","targetHints":{"allow":["GET"]}}],"collection":[{"href":"https:\/\/www.egemtv.com\/index.php?rest_route=\/wp\/v2\/posts"}],"about":[{"href":"https:\/\/www.egemtv.com\/index.php?rest_route=\/wp\/v2\/types\/post"}],"author":[{"embeddable":true,"href":"https:\/\/www.egemtv.com\/index.php?rest_route=\/wp\/v2\/users\/1"}],"replies":[{"embeddable":true,"href":"https:\/\/www.egemtv.com\/index.php?rest_route=%2Fwp%2Fv2%2Fcomments&post=83381"}],"version-history":[{"count":1,"href":"https:\/\/www.egemtv.com\/index.php?rest_route=\/wp\/v2\/posts\/83381\/revisions"}],"predecessor-version":[{"id":83383,"href":"https:\/\/www.egemtv.com\/index.php?rest_route=\/wp\/v2\/posts\/83381\/revisions\/83383"}],"wp:featuredmedia":[{"embeddable":true,"href":"https:\/\/www.egemtv.com\/index.php?rest_route=\/wp\/v2\/media\/83382"}],"wp:attachment":[{"href":"https:\/\/www.egemtv.com\/index.php?rest_route=%2Fwp%2Fv2%2Fmedia&parent=83381"}],"wp:term":[{"taxonomy":"category","embeddable":true,"href":"https:\/\/www.egemtv.com\/index.php?rest_route=%2Fwp%2Fv2%2Fcategories&post=83381"},{"taxonomy":"post_tag","embeddable":true,"href":"https:\/\/www.egemtv.com\/index.php?rest_route=%2Fwp%2Fv2%2Ftags&post=83381"}],"curies":[{"name":"wp","href":"https:\/\/api.w.org\/{rel}","templated":true}]}}