{"id":83378,"date":"2026-01-27T13:54:55","date_gmt":"2026-01-27T10:54:55","guid":{"rendered":"https:\/\/www.egemtv.com\/?p=83378"},"modified":"2026-01-27T13:54:56","modified_gmt":"2026-01-27T10:54:56","slug":"cameli-belediyesi-ekipleri-karla-mucadeleyi-araliksiz-surduruyor","status":"publish","type":"post","link":"https:\/\/www.egemtv.com\/?p=83378","title":{"rendered":"\u00c7ameli Belediyesi ekipleri karla m\u00fccadeleyi aral\u0131ks\u0131z s\u00fcrd\u00fcr\u00fcyor"},"content":{"rendered":"<p>Denizli\u2019nin \u00c7ameli il\u00e7esinde etkili olan kar ya\u011f\u0131\u015f\u0131n\u0131n ard\u0131ndan \u00c7ameli Belediyesi Fen \u0130\u015fleri M\u00fcd\u00fcrl\u00fc\u011f\u00fc ekipleri, mahallelerde kar k\u00fcreme ve tuzlama \u00e7al\u0131\u015fmalar\u0131na an\u0131nda ba\u015flad\u0131.<br \/>\n<br \/>\u00c7ameli Belediyesi Fen \u0130\u015fleri M\u00fcd\u00fcrl\u00fc\u011f\u00fc ekipleri, il\u00e7ede etkili olan kar ya\u011f\u0131\u015f\u0131n\u0131n ard\u0131ndan mahallelerde kar k\u00fcreme ve tuzlama \u00e7al\u0131\u015fmalar\u0131na h\u0131zl\u0131 bir \u015fekilde m\u00fcdahale etti. Vatanda\u015flar\u0131n ula\u015f\u0131m\u0131n\u0131 daha g\u00fcvenli ve sorunsuz hale getirmek amac\u0131yla ekipler sahada aral\u0131ks\u0131z g\u00f6rev yapt\u0131. Y\u00fcr\u00fct\u00fclen \u00e7al\u0131\u015fmalar kapsam\u0131nda ana arterler ba\u015fta olmak \u00fczere mahalle yollar\u0131 a\u00e7\u0131k tutulurken, buzlanma riskine kar\u015f\u0131 tuzlama \u00e7al\u0131\u015fmalar\u0131 da titizlikle ger\u00e7ekle\u015ftirildi.<br \/>\n<br \/>\u00c7ameli Belediye Ba\u015fkan\u0131 Cengiz Arslan, olumsuz hava \u015fartlar\u0131na kar\u015f\u0131 ekiplerin teyakkuz halinde oldu\u011funu ve ihtiya\u00e7 duyulan her noktada \u00e7al\u0131\u015fmalar\u0131n devam edece\u011fini belirtti.<br \/><\/p>\n","protected":false},"excerpt":{"rendered":"<p>Denizli\u2019nin \u00c7ameli il\u00e7esinde etkili olan kar ya\u011f\u0131\u015f\u0131n\u0131n ard\u0131ndan \u00c7ameli Belediyesi Fen \u0130\u015fleri M\u00fcd\u00fcrl\u00fc\u011f\u00fc ekipleri, mahallelerde kar k\u00fcreme ve tuzlama \u00e7al\u0131\u015fmalar\u0131na an\u0131nda ba\u015flad\u0131. \u00c7ameli Belediyesi Fen \u0130\u015fleri M\u00fcd\u00fcrl\u00fc\u011f\u00fc ekipleri, il\u00e7ede etkili olan kar ya\u011f\u0131\u015f\u0131n\u0131n ard\u0131ndan mahallelerde kar k\u00fcreme ve tuzlama \u00e7al\u0131\u015fmalar\u0131na h\u0131zl\u0131 bir \u015fekilde m\u00fcdahale etti. Vatanda\u015flar\u0131n ula\u015f\u0131m\u0131n\u0131 daha g\u00fcvenli ve sorunsuz hale getirmek amac\u0131yla ekipler&#8230;<\/p>\n","protected":false},"author":1,"featured_media":83379,"comment_status":"open","ping_status":"open","sticky":false,"template":"","format":"standard","meta":{"_crdt_document":"","footnotes":""},"categories":[1],"tags":[],"class_list":["post-83378","post","type-post","status-publish","format-standard","has-post-thumbnail","hentry","category-guncel"],"_links":{"self":[{"href":"https:\/\/www.egemtv.com\/index.php?rest_route=\/wp\/v2\/posts\/83378","targetHints":{"allow":["GET"]}}],"collection":[{"href":"https:\/\/www.egemtv.com\/index.php?rest_route=\/wp\/v2\/posts"}],"about":[{"href":"https:\/\/www.egemtv.com\/index.php?rest_route=\/wp\/v2\/types\/post"}],"author":[{"embeddable":true,"href":"https:\/\/www.egemtv.com\/index.php?rest_route=\/wp\/v2\/users\/1"}],"replies":[{"embeddable":true,"href":"https:\/\/www.egemtv.com\/index.php?rest_route=%2Fwp%2Fv2%2Fcomments&post=83378"}],"version-history":[{"count":1,"href":"https:\/\/www.egemtv.com\/index.php?rest_route=\/wp\/v2\/posts\/83378\/revisions"}],"predecessor-version":[{"id":83380,"href":"https:\/\/www.egemtv.com\/index.php?rest_route=\/wp\/v2\/posts\/83378\/revisions\/83380"}],"wp:featuredmedia":[{"embeddable":true,"href":"https:\/\/www.egemtv.com\/index.php?rest_route=\/wp\/v2\/media\/83379"}],"wp:attachment":[{"href":"https:\/\/www.egemtv.com\/index.php?rest_route=%2Fwp%2Fv2%2Fmedia&parent=83378"}],"wp:term":[{"taxonomy":"category","embeddable":true,"href":"https:\/\/www.egemtv.com\/index.php?rest_route=%2Fwp%2Fv2%2Fcategories&post=83378"},{"taxonomy":"post_tag","embeddable":true,"href":"https:\/\/www.egemtv.com\/index.php?rest_route=%2Fwp%2Fv2%2Ftags&post=83378"}],"curies":[{"name":"wp","href":"https:\/\/api.w.org\/{rel}","templated":true}]}}