{"id":83372,"date":"2026-01-27T13:54:51","date_gmt":"2026-01-27T10:54:51","guid":{"rendered":"https:\/\/www.egemtv.com\/?p=83372"},"modified":"2026-01-27T13:54:52","modified_gmt":"2026-01-27T10:54:52","slug":"bosanma-asamasindaki-karisini-sokak-ortasinda-oldurdu","status":"publish","type":"post","link":"https:\/\/www.egemtv.com\/?p=83372","title":{"rendered":"Bo\u015fanma a\u015famas\u0131ndaki kar\u0131s\u0131n\u0131 sokak ortas\u0131nda \u00f6ld\u00fcrd\u00fc"},"content":{"rendered":"<p>Manisa\u2019n\u0131n Yunusemre il\u00e7esinde bir ki\u015fi, bo\u015fanma a\u015famas\u0131nda oldu\u011fu kar\u0131s\u0131n\u0131 sokak ortas\u0131nda silahla boynundan vurarak \u00f6ld\u00fcrd\u00fc.<br \/>\n<br \/>Olay, 11.15 s\u0131ralar\u0131nda Yunusemre il\u00e7esi Mare\u015fal Fevzi \u00c7akmak Mahallesi\u2019nde meydana geldi. Edinilen bilgiye g\u00f6re, Hayrettin Karata\u015f (37), bo\u015fanma a\u015famas\u0131ndaki e\u015fi P\u0131nar Karata\u015f\u2019a (37) sokak ortas\u0131nda yan\u0131nda getirdi\u011fi silahla sald\u0131rd\u0131. P\u0131nar Karata\u015f boynuna isabet eden kur\u015funla kanlar i\u00e7inde yere y\u0131\u011f\u0131ld\u0131. \u00c7evredekilerin ihbar\u0131 \u00fczerine b\u00f6lgeye sa\u011fl\u0131k ve polis ekibi sevk edildi. Polis ekipleri \u00e7evrede geni\u015f g\u00fcvenlik \u00f6nlemi al\u0131rken, ka\u00e7an sald\u0131rgan olay yerinden 300 metre ileride yakaland\u0131. Bo\u015fanma a\u015famas\u0131ndaki \u00e7iftin 7 \u00e7ocuklar\u0131n\u0131n oldu\u011fu \u00f6\u011frenilirken hayat\u0131n\u0131 kaybeden P\u0131nar Karata\u015f\u2019\u0131n cenazesi adli t\u0131p morguna kald\u0131r\u0131ld\u0131.<br \/>\n<br \/>Olayla ilgili soru\u015fturma ba\u015flat\u0131ld\u0131.<br \/><\/p>\n","protected":false},"excerpt":{"rendered":"<p>Manisa\u2019n\u0131n Yunusemre il\u00e7esinde bir ki\u015fi, bo\u015fanma a\u015famas\u0131nda oldu\u011fu kar\u0131s\u0131n\u0131 sokak ortas\u0131nda silahla boynundan vurarak \u00f6ld\u00fcrd\u00fc. Olay, 11.15 s\u0131ralar\u0131nda Yunusemre il\u00e7esi Mare\u015fal Fevzi \u00c7akmak Mahallesi\u2019nde meydana geldi. Edinilen bilgiye g\u00f6re, Hayrettin Karata\u015f (37), bo\u015fanma a\u015famas\u0131ndaki e\u015fi P\u0131nar Karata\u015f\u2019a (37) sokak ortas\u0131nda yan\u0131nda getirdi\u011fi silahla sald\u0131rd\u0131. P\u0131nar Karata\u015f boynuna isabet eden kur\u015funla kanlar i\u00e7inde yere y\u0131\u011f\u0131ld\u0131. \u00c7evredekilerin&#8230;<\/p>\n","protected":false},"author":1,"featured_media":83373,"comment_status":"open","ping_status":"open","sticky":false,"template":"","format":"standard","meta":{"_crdt_document":"","footnotes":""},"categories":[5],"tags":[],"class_list":["post-83372","post","type-post","status-publish","format-standard","has-post-thumbnail","hentry","category-asayis"],"_links":{"self":[{"href":"https:\/\/www.egemtv.com\/index.php?rest_route=\/wp\/v2\/posts\/83372","targetHints":{"allow":["GET"]}}],"collection":[{"href":"https:\/\/www.egemtv.com\/index.php?rest_route=\/wp\/v2\/posts"}],"about":[{"href":"https:\/\/www.egemtv.com\/index.php?rest_route=\/wp\/v2\/types\/post"}],"author":[{"embeddable":true,"href":"https:\/\/www.egemtv.com\/index.php?rest_route=\/wp\/v2\/users\/1"}],"replies":[{"embeddable":true,"href":"https:\/\/www.egemtv.com\/index.php?rest_route=%2Fwp%2Fv2%2Fcomments&post=83372"}],"version-history":[{"count":1,"href":"https:\/\/www.egemtv.com\/index.php?rest_route=\/wp\/v2\/posts\/83372\/revisions"}],"predecessor-version":[{"id":83374,"href":"https:\/\/www.egemtv.com\/index.php?rest_route=\/wp\/v2\/posts\/83372\/revisions\/83374"}],"wp:featuredmedia":[{"embeddable":true,"href":"https:\/\/www.egemtv.com\/index.php?rest_route=\/wp\/v2\/media\/83373"}],"wp:attachment":[{"href":"https:\/\/www.egemtv.com\/index.php?rest_route=%2Fwp%2Fv2%2Fmedia&parent=83372"}],"wp:term":[{"taxonomy":"category","embeddable":true,"href":"https:\/\/www.egemtv.com\/index.php?rest_route=%2Fwp%2Fv2%2Fcategories&post=83372"},{"taxonomy":"post_tag","embeddable":true,"href":"https:\/\/www.egemtv.com\/index.php?rest_route=%2Fwp%2Fv2%2Ftags&post=83372"}],"curies":[{"name":"wp","href":"https:\/\/api.w.org\/{rel}","templated":true}]}}