{"id":83369,"date":"2026-01-27T13:54:50","date_gmt":"2026-01-27T10:54:50","guid":{"rendered":"https:\/\/www.egemtv.com\/?p=83369"},"modified":"2026-01-27T13:54:51","modified_gmt":"2026-01-27T10:54:51","slug":"didimde-firtina-etkili-oldu","status":"publish","type":"post","link":"https:\/\/www.egemtv.com\/?p=83369","title":{"rendered":"Didim\u2019de f\u0131rt\u0131na etkili oldu"},"content":{"rendered":"<p>Ayd\u0131n\u2019\u0131n Didim il\u00e7esinde etkili olan f\u0131rt\u0131na hayat\u0131 olumsuz etkilerken, baz\u0131 i\u015f yerlerinin \u00e7at\u0131lar\u0131 zarar g\u00f6rd\u00fc.<\/p>\n<p>Didim\u2019de sabah saatlerinde etkisini g\u00f6steren r\u00fczgarl\u0131 hava f\u0131rt\u0131naya d\u00f6n\u00fc\u015ft\u00fc. F\u0131rt\u0131na nedeniyle Alt\u0131nkum Yal\u0131 Caddesi\u2019nde bulunan baz\u0131 i\u015f yerlerini \u00e7at\u0131lar\u0131ndaki malzemeler u\u00e7arak devrildi, tabelalar yerinden s\u00f6k\u00fclerek par\u00e7aland\u0131.  F\u0131rt\u0131na sonras\u0131 belediye ekipleri b\u00f6lgede temizlik \u00e7al\u0131\u015fmas\u0131 ba\u015flatt\u0131. Ya\u011f\u0131\u015fl\u0131 hava ve f\u0131rt\u0131nan\u0131n \u00f6n\u00fcm\u00fczdeki saatlerde de aral\u0131klarla devam etmesi bekleniyor.<br \/><\/p>\n","protected":false},"excerpt":{"rendered":"<p>Ayd\u0131n\u2019\u0131n Didim il\u00e7esinde etkili olan f\u0131rt\u0131na hayat\u0131 olumsuz etkilerken, baz\u0131 i\u015f yerlerinin \u00e7at\u0131lar\u0131 zarar g\u00f6rd\u00fc. Didim\u2019de sabah saatlerinde etkisini g\u00f6steren r\u00fczgarl\u0131 hava f\u0131rt\u0131naya d\u00f6n\u00fc\u015ft\u00fc. F\u0131rt\u0131na nedeniyle Alt\u0131nkum Yal\u0131 Caddesi\u2019nde bulunan baz\u0131 i\u015f yerlerini \u00e7at\u0131lar\u0131ndaki malzemeler u\u00e7arak devrildi, tabelalar yerinden s\u00f6k\u00fclerek par\u00e7aland\u0131. F\u0131rt\u0131na sonras\u0131 belediye ekipleri b\u00f6lgede temizlik \u00e7al\u0131\u015fmas\u0131 ba\u015flatt\u0131. Ya\u011f\u0131\u015fl\u0131 hava ve f\u0131rt\u0131nan\u0131n \u00f6n\u00fcm\u00fczdeki saatlerde&#8230;<\/p>\n","protected":false},"author":1,"featured_media":83370,"comment_status":"open","ping_status":"open","sticky":false,"template":"","format":"standard","meta":{"_crdt_document":"","footnotes":""},"categories":[1],"tags":[],"class_list":["post-83369","post","type-post","status-publish","format-standard","has-post-thumbnail","hentry","category-guncel"],"_links":{"self":[{"href":"https:\/\/www.egemtv.com\/index.php?rest_route=\/wp\/v2\/posts\/83369","targetHints":{"allow":["GET"]}}],"collection":[{"href":"https:\/\/www.egemtv.com\/index.php?rest_route=\/wp\/v2\/posts"}],"about":[{"href":"https:\/\/www.egemtv.com\/index.php?rest_route=\/wp\/v2\/types\/post"}],"author":[{"embeddable":true,"href":"https:\/\/www.egemtv.com\/index.php?rest_route=\/wp\/v2\/users\/1"}],"replies":[{"embeddable":true,"href":"https:\/\/www.egemtv.com\/index.php?rest_route=%2Fwp%2Fv2%2Fcomments&post=83369"}],"version-history":[{"count":1,"href":"https:\/\/www.egemtv.com\/index.php?rest_route=\/wp\/v2\/posts\/83369\/revisions"}],"predecessor-version":[{"id":83371,"href":"https:\/\/www.egemtv.com\/index.php?rest_route=\/wp\/v2\/posts\/83369\/revisions\/83371"}],"wp:featuredmedia":[{"embeddable":true,"href":"https:\/\/www.egemtv.com\/index.php?rest_route=\/wp\/v2\/media\/83370"}],"wp:attachment":[{"href":"https:\/\/www.egemtv.com\/index.php?rest_route=%2Fwp%2Fv2%2Fmedia&parent=83369"}],"wp:term":[{"taxonomy":"category","embeddable":true,"href":"https:\/\/www.egemtv.com\/index.php?rest_route=%2Fwp%2Fv2%2Fcategories&post=83369"},{"taxonomy":"post_tag","embeddable":true,"href":"https:\/\/www.egemtv.com\/index.php?rest_route=%2Fwp%2Fv2%2Ftags&post=83369"}],"curies":[{"name":"wp","href":"https:\/\/api.w.org\/{rel}","templated":true}]}}