{"id":83363,"date":"2026-01-27T13:34:52","date_gmt":"2026-01-27T10:34:52","guid":{"rendered":"https:\/\/www.egemtv.com\/?p=83363"},"modified":"2026-01-27T13:34:52","modified_gmt":"2026-01-27T10:34:52","slug":"saraykoyde-park-halindeki-otomobil-alevlere-teslim-oldu","status":"publish","type":"post","link":"https:\/\/www.egemtv.com\/?p=83363","title":{"rendered":"Sarayk\u00f6y\u2019de park halindeki otomobil alevlere teslim oldu"},"content":{"rendered":"<p>Denizli\u2019nin Sarayk\u00f6y il\u00e7eside park halinde bulunan bir otomobil, \u00e7\u0131kan yang\u0131nda alevlere teslim oldu.<br \/>\n<br \/>Yang\u0131n, Denizli\u2019nin Sarayk\u00f6y il\u00e7esine ba\u011fl\u0131 Turan Mahallesi\u2019nde meydana geldi. Edinilen bilgiye g\u00f6re,  yol kenar\u0131nda park halinde duran bir otomobilde hen\u00fcz bilinmeyen bir nedenle yang\u0131n \u00e7\u0131kt\u0131. K\u0131sa s\u00fcrede alevlere teslim olan arac\u0131 fark eden \u00e7evredeki vatanda\u015flar durumu 112 Acil \u00c7a\u011fr\u0131 Merkezi\u2019ne bildirdi. \u0130hbar \u00fczerine olay yerine polis ve itfaiye ekipleri sevk edildi. \u0130tfaiye ekiplerinin m\u00fcdahalesiyle yang\u0131n kontrol alt\u0131na al\u0131narak s\u00f6nd\u00fcr\u00fcld\u00fc. Yang\u0131nda otomobil kullan\u0131lamaz hale geldi.<br \/>\n<br \/>Yang\u0131n ile ilgili soru\u015fturma ba\u015flat\u0131ld\u0131.<br \/><\/p>\n","protected":false},"excerpt":{"rendered":"<p>Denizli\u2019nin Sarayk\u00f6y il\u00e7eside park halinde bulunan bir otomobil, \u00e7\u0131kan yang\u0131nda alevlere teslim oldu. Yang\u0131n, Denizli\u2019nin Sarayk\u00f6y il\u00e7esine ba\u011fl\u0131 Turan Mahallesi\u2019nde meydana geldi. Edinilen bilgiye g\u00f6re, yol kenar\u0131nda park halinde duran bir otomobilde hen\u00fcz bilinmeyen bir nedenle yang\u0131n \u00e7\u0131kt\u0131. K\u0131sa s\u00fcrede alevlere teslim olan arac\u0131 fark eden \u00e7evredeki vatanda\u015flar durumu 112 Acil \u00c7a\u011fr\u0131 Merkezi\u2019ne bildirdi. \u0130hbar&#8230;<\/p>\n","protected":false},"author":1,"featured_media":83364,"comment_status":"open","ping_status":"open","sticky":false,"template":"","format":"standard","meta":{"_crdt_document":"","footnotes":""},"categories":[5],"tags":[],"class_list":["post-83363","post","type-post","status-publish","format-standard","has-post-thumbnail","hentry","category-asayis"],"_links":{"self":[{"href":"https:\/\/www.egemtv.com\/index.php?rest_route=\/wp\/v2\/posts\/83363","targetHints":{"allow":["GET"]}}],"collection":[{"href":"https:\/\/www.egemtv.com\/index.php?rest_route=\/wp\/v2\/posts"}],"about":[{"href":"https:\/\/www.egemtv.com\/index.php?rest_route=\/wp\/v2\/types\/post"}],"author":[{"embeddable":true,"href":"https:\/\/www.egemtv.com\/index.php?rest_route=\/wp\/v2\/users\/1"}],"replies":[{"embeddable":true,"href":"https:\/\/www.egemtv.com\/index.php?rest_route=%2Fwp%2Fv2%2Fcomments&post=83363"}],"version-history":[{"count":1,"href":"https:\/\/www.egemtv.com\/index.php?rest_route=\/wp\/v2\/posts\/83363\/revisions"}],"predecessor-version":[{"id":83365,"href":"https:\/\/www.egemtv.com\/index.php?rest_route=\/wp\/v2\/posts\/83363\/revisions\/83365"}],"wp:featuredmedia":[{"embeddable":true,"href":"https:\/\/www.egemtv.com\/index.php?rest_route=\/wp\/v2\/media\/83364"}],"wp:attachment":[{"href":"https:\/\/www.egemtv.com\/index.php?rest_route=%2Fwp%2Fv2%2Fmedia&parent=83363"}],"wp:term":[{"taxonomy":"category","embeddable":true,"href":"https:\/\/www.egemtv.com\/index.php?rest_route=%2Fwp%2Fv2%2Fcategories&post=83363"},{"taxonomy":"post_tag","embeddable":true,"href":"https:\/\/www.egemtv.com\/index.php?rest_route=%2Fwp%2Fv2%2Ftags&post=83363"}],"curies":[{"name":"wp","href":"https:\/\/api.w.org\/{rel}","templated":true}]}}