{"id":83360,"date":"2026-01-27T13:34:51","date_gmt":"2026-01-27T10:34:51","guid":{"rendered":"https:\/\/www.egemtv.com\/?p=83360"},"modified":"2026-01-27T13:34:51","modified_gmt":"2026-01-27T10:34:51","slug":"aydinda-siber-operasyon","status":"publish","type":"post","link":"https:\/\/www.egemtv.com\/?p=83360","title":{"rendered":"Ayd\u0131n\u2019da siber operasyon"},"content":{"rendered":"<p>Ayd\u0131n\u2019\u0131n Nazilli il\u00e7esinde yasad\u0131\u015f\u0131 veri payla\u015f\u0131m platformu y\u00f6neticilerine y\u00f6nelik 19 ilde d\u00fczenlenen operasyonda, Nazilli\u2019de y\u00f6netici oldu\u011fu de\u011ferlendirilen K.C.K isimli \u015fah\u0131s yakaland\u0131.<br \/>\n<br \/>Ayd\u0131n \u0130l Emniyet M\u00fcd\u00fcrl\u00fc\u011f\u00fc Siber Su\u00e7larla M\u00fccadele \u015eube M\u00fcd\u00fcrl\u00fc\u011f\u00fc g\u00f6revlileri taraf\u0131ndan, sanal ortamda i\u015flenen su\u00e7lar\u0131n \u00f6nlenmesi, \u015f\u00fcphelilerin tespiti ve yakalanmas\u0131na y\u00f6nelik \u00e7al\u0131\u015fmalar s\u00fcr\u00fcyor. Siber Su\u00e7larla M\u00fccadele Daire Ba\u015fkanl\u0131\u011f\u0131 koordinesinde &#8220;PANEL&#8221; olarak tabir edilen yasad\u0131\u015f\u0131 veri payla\u015f\u0131m platformu y\u00f6neticilerine y\u00f6nelik 19 ilde e \u015f zamanl\u0131 operasyon d\u00fczenlenirken, Nazilli il\u00e7esinde ikamet eden ve platform y\u00f6neticisi oldu\u011fu de\u011ferlendirilen K.C.K. is imli \u015fah\u0131s g\u00f6zalt\u0131na al\u0131nd\u0131. Operasyon kapsam\u0131nda yap\u0131lan aramalarda, 1 adet diz\u00fcst\u00fc bilgisayar, 2 adet ak\u0131ll\u0131 cep telefonu, 2 adet harici hard disk, 1 adet kurus\u0131k\u0131 tabanca ele ge\u00e7irildi. \u015e\u00fcpheli K.C.K. isimli \u015fah\u0131s hakk\u0131nda adli i\u015flem ba\u015flat\u0131ld\u0131.<br \/><\/p>\n","protected":false},"excerpt":{"rendered":"<p>Ayd\u0131n\u2019\u0131n Nazilli il\u00e7esinde yasad\u0131\u015f\u0131 veri payla\u015f\u0131m platformu y\u00f6neticilerine y\u00f6nelik 19 ilde d\u00fczenlenen operasyonda, Nazilli\u2019de y\u00f6netici oldu\u011fu de\u011ferlendirilen K.C.K isimli \u015fah\u0131s yakaland\u0131. Ayd\u0131n \u0130l Emniyet M\u00fcd\u00fcrl\u00fc\u011f\u00fc Siber Su\u00e7larla M\u00fccadele \u015eube M\u00fcd\u00fcrl\u00fc\u011f\u00fc g\u00f6revlileri taraf\u0131ndan, sanal ortamda i\u015flenen su\u00e7lar\u0131n \u00f6nlenmesi, \u015f\u00fcphelilerin tespiti ve yakalanmas\u0131na y\u00f6nelik \u00e7al\u0131\u015fmalar s\u00fcr\u00fcyor. Siber Su\u00e7larla M\u00fccadele Daire Ba\u015fkanl\u0131\u011f\u0131 koordinesinde &#8220;PANEL&#8221; olarak tabir edilen yasad\u0131\u015f\u0131&#8230;<\/p>\n","protected":false},"author":1,"featured_media":83361,"comment_status":"open","ping_status":"open","sticky":false,"template":"","format":"standard","meta":{"_crdt_document":"","footnotes":""},"categories":[5],"tags":[],"class_list":["post-83360","post","type-post","status-publish","format-standard","has-post-thumbnail","hentry","category-asayis"],"_links":{"self":[{"href":"https:\/\/www.egemtv.com\/index.php?rest_route=\/wp\/v2\/posts\/83360","targetHints":{"allow":["GET"]}}],"collection":[{"href":"https:\/\/www.egemtv.com\/index.php?rest_route=\/wp\/v2\/posts"}],"about":[{"href":"https:\/\/www.egemtv.com\/index.php?rest_route=\/wp\/v2\/types\/post"}],"author":[{"embeddable":true,"href":"https:\/\/www.egemtv.com\/index.php?rest_route=\/wp\/v2\/users\/1"}],"replies":[{"embeddable":true,"href":"https:\/\/www.egemtv.com\/index.php?rest_route=%2Fwp%2Fv2%2Fcomments&post=83360"}],"version-history":[{"count":1,"href":"https:\/\/www.egemtv.com\/index.php?rest_route=\/wp\/v2\/posts\/83360\/revisions"}],"predecessor-version":[{"id":83362,"href":"https:\/\/www.egemtv.com\/index.php?rest_route=\/wp\/v2\/posts\/83360\/revisions\/83362"}],"wp:featuredmedia":[{"embeddable":true,"href":"https:\/\/www.egemtv.com\/index.php?rest_route=\/wp\/v2\/media\/83361"}],"wp:attachment":[{"href":"https:\/\/www.egemtv.com\/index.php?rest_route=%2Fwp%2Fv2%2Fmedia&parent=83360"}],"wp:term":[{"taxonomy":"category","embeddable":true,"href":"https:\/\/www.egemtv.com\/index.php?rest_route=%2Fwp%2Fv2%2Fcategories&post=83360"},{"taxonomy":"post_tag","embeddable":true,"href":"https:\/\/www.egemtv.com\/index.php?rest_route=%2Fwp%2Fv2%2Ftags&post=83360"}],"curies":[{"name":"wp","href":"https:\/\/api.w.org\/{rel}","templated":true}]}}