{"id":83357,"date":"2026-01-27T13:34:50","date_gmt":"2026-01-27T10:34:50","guid":{"rendered":"https:\/\/www.egemtv.com\/?p=83357"},"modified":"2026-01-27T13:34:51","modified_gmt":"2026-01-27T10:34:51","slug":"vali-kosger-servis-kazasinda-yaralananlari-ziyaret-etti","status":"publish","type":"post","link":"https:\/\/www.egemtv.com\/?p=83357","title":{"rendered":"Vali K\u00f6\u015fger servis kazas\u0131nda yaralananlar\u0131 ziyaret etti"},"content":{"rendered":"<p>Denizli Valisi Yavuz Selim K\u00f6\u015fger, sabah saatlerinde Buldan il\u00e7esinde memurlar\u0131 ta\u015f\u0131yan servis arac\u0131n\u0131n devrilmesi sonucu yaralanan vatanda\u015flar\u0131 tedavi g\u00f6rd\u00fckleri hastanede ziyaret etti.<br \/>\n<br \/>Denizli\u2019nin Buldan il\u00e7esi Yenicekent yak\u0131nlar\u0131nda sabah saatlerinde Buldan G\u00f6\u011f\u00fcs Hastal\u0131klar\u0131 Hastanesi personellerini ta\u015f\u0131yan servis \u015fiddetli ya\u011f\u0131\u015f\u0131n etkisiyle kaza yaparak \u015farampole devrildi. Kazan\u0131n ard\u0131ndan 1 ki\u015fi hayat\u0131n\u0131 kaybetti, 22 ki\u015fi ise yaraland\u0131. Vali K\u00f6\u015fger, yaral\u0131lar\u0131n tedavi g\u00f6rd\u00fc\u011f\u00fc Denizli Devlet Hastanesine gelerek sa\u011fl\u0131k durumlar\u0131 hakk\u0131nda doktorlardan bilgi ald\u0131 ve yaral\u0131 memurlar\u0131 ziyaret etti. Vali K\u00f6\u015fger, ziyaret s\u0131ras\u0131nda yaral\u0131lara ge\u00e7mi\u015f olsun dileklerini iletip, g\u00f6revli sa\u011fl\u0131k ekiplerine te\u015fekk\u00fcr etti.<br \/>\n<br \/>Olayla ilgili soru\u015fturman\u0131n devam etti\u011fi \u00f6\u011frenildi.<br \/><\/p>\n","protected":false},"excerpt":{"rendered":"<p>Denizli Valisi Yavuz Selim K\u00f6\u015fger, sabah saatlerinde Buldan il\u00e7esinde memurlar\u0131 ta\u015f\u0131yan servis arac\u0131n\u0131n devrilmesi sonucu yaralanan vatanda\u015flar\u0131 tedavi g\u00f6rd\u00fckleri hastanede ziyaret etti. Denizli\u2019nin Buldan il\u00e7esi Yenicekent yak\u0131nlar\u0131nda sabah saatlerinde Buldan G\u00f6\u011f\u00fcs Hastal\u0131klar\u0131 Hastanesi personellerini ta\u015f\u0131yan servis \u015fiddetli ya\u011f\u0131\u015f\u0131n etkisiyle kaza yaparak \u015farampole devrildi. Kazan\u0131n ard\u0131ndan 1 ki\u015fi hayat\u0131n\u0131 kaybetti, 22 ki\u015fi ise yaraland\u0131. Vali K\u00f6\u015fger,&#8230;<\/p>\n","protected":false},"author":1,"featured_media":83358,"comment_status":"open","ping_status":"open","sticky":false,"template":"","format":"standard","meta":{"_crdt_document":"","footnotes":""},"categories":[5],"tags":[],"class_list":["post-83357","post","type-post","status-publish","format-standard","has-post-thumbnail","hentry","category-asayis"],"_links":{"self":[{"href":"https:\/\/www.egemtv.com\/index.php?rest_route=\/wp\/v2\/posts\/83357","targetHints":{"allow":["GET"]}}],"collection":[{"href":"https:\/\/www.egemtv.com\/index.php?rest_route=\/wp\/v2\/posts"}],"about":[{"href":"https:\/\/www.egemtv.com\/index.php?rest_route=\/wp\/v2\/types\/post"}],"author":[{"embeddable":true,"href":"https:\/\/www.egemtv.com\/index.php?rest_route=\/wp\/v2\/users\/1"}],"replies":[{"embeddable":true,"href":"https:\/\/www.egemtv.com\/index.php?rest_route=%2Fwp%2Fv2%2Fcomments&post=83357"}],"version-history":[{"count":1,"href":"https:\/\/www.egemtv.com\/index.php?rest_route=\/wp\/v2\/posts\/83357\/revisions"}],"predecessor-version":[{"id":83359,"href":"https:\/\/www.egemtv.com\/index.php?rest_route=\/wp\/v2\/posts\/83357\/revisions\/83359"}],"wp:featuredmedia":[{"embeddable":true,"href":"https:\/\/www.egemtv.com\/index.php?rest_route=\/wp\/v2\/media\/83358"}],"wp:attachment":[{"href":"https:\/\/www.egemtv.com\/index.php?rest_route=%2Fwp%2Fv2%2Fmedia&parent=83357"}],"wp:term":[{"taxonomy":"category","embeddable":true,"href":"https:\/\/www.egemtv.com\/index.php?rest_route=%2Fwp%2Fv2%2Fcategories&post=83357"},{"taxonomy":"post_tag","embeddable":true,"href":"https:\/\/www.egemtv.com\/index.php?rest_route=%2Fwp%2Fv2%2Ftags&post=83357"}],"curies":[{"name":"wp","href":"https:\/\/api.w.org\/{rel}","templated":true}]}}