{"id":83354,"date":"2026-01-27T13:15:41","date_gmt":"2026-01-27T10:15:41","guid":{"rendered":"https:\/\/www.egemtv.com\/?p=83354"},"modified":"2026-01-27T13:15:42","modified_gmt":"2026-01-27T10:15:42","slug":"denizli-valiligi-memurlari-tasiyan-servis-kazasina-iliskin-aciklama-yapti","status":"publish","type":"post","link":"https:\/\/www.egemtv.com\/?p=83354","title":{"rendered":"Denizli Valili\u011fi memurlar\u0131 ta\u015f\u0131yan servis kazas\u0131na ili\u015fkin a\u00e7\u0131klama yapt\u0131"},"content":{"rendered":"<p>Denizli Valili\u011fi Buldan\u2019da meydana gelen kazaya ili\u015fkin a\u00e7\u0131klama yapt\u0131. A\u00e7\u0131klamada, 22 yaral\u0131ya ise acil \u015fifalar dilenirken, olayla ilgili soru\u015fturma ba\u015flat\u0131ld\u0131\u011f\u0131 ifade edildi.<br \/>\n<br \/>Denizli Valili\u011fi, Buldan il\u00e7esinde meydana gelen trafik kazas\u0131na ili\u015fkin a\u00e7\u0131klama yapt\u0131. Valilikten yap\u0131lan a\u00e7\u0131klamada, Buldan il\u00e7esi Yenicekent Kav\u015fa\u011f\u0131 yak\u0131nlar\u0131nda 27 Ocak 2026 g\u00fcn\u00fc sabah saatlerinde \u015fiddetli ya\u011f\u0131\u015f\u0131n etkisiyle elim bir trafik kazas\u0131n\u0131n meydana geldi\u011fi belirtildi. Kazada 1 vatanda\u015f\u0131n hayat\u0131n\u0131 kaybetti\u011fi, 22 vatanda\u015f\u0131n ise yaraland\u0131\u011f\u0131 bildirildi. A\u00e7\u0131klamada, kazada hayat\u0131n\u0131 kaybeden ki\u015finin Buldan G\u00f6\u011f\u00fcs Hastal\u0131klar\u0131 Hastanesinde g\u00f6rev yapan bir sa\u011fl\u0131k \u00e7al\u0131\u015fan\u0131 oldu\u011fu ifade edilerek, &#8220;Vefat eden sa\u011fl\u0131k \u00e7al\u0131\u015fan\u0131m\u0131za Allah\u2019tan rahmet, kederli ailesine ve yak\u0131nlar\u0131na ba\u015fsa\u011fl\u0131\u011f\u0131 diliyoruz&#8221; denildi. Valilik a\u00e7\u0131klamas\u0131nda ayr\u0131ca kazada yaralanan 22 vatanda\u015fa acil \u015fifalar dilenirken, olayla ilgili inceleme ve soru\u015fturman\u0131n ba\u015flat\u0131ld\u0131\u011f\u0131 kaydedildi.<\/p>\n<p>Kazada \u00f6len hem\u015fire 1 y\u0131ll\u0131k evliymi\u015f<br \/>\n<br \/>Kazada hayat\u0131n\u0131 kaybeden Kadriye Ko\u00e7an\u2019\u0131n ise 1 y\u0131ll\u0131k yeni evli oldu\u011fu \u00f6\u011frenildi. Buldan G\u00f6\u011f\u00fcs Hastal\u0131klar\u0131 Hastanesi Ba\u015fhekimi Uzman Dr. Nurettin \u015eahin, trafik kazas\u0131nda hayat\u0131n\u0131 kaybeden klinik destek personeli Kadriye Ko\u00e7an i\u00e7in taziye mesaj\u0131 yay\u0131mlad\u0131. Ba\u015fhekim \u015eahin mesaj\u0131nda, hastanede klinik destek personeli olarak g\u00f6rev yapan Kadriye Ko\u00e7an\u2019\u0131n ge\u00e7irdi\u011fi elim kaza sonucu ya\u015fam\u0131n\u0131 yitirdi\u011fini belirterek, merhumeye Allah\u2019tan rahmet, ba\u015fta ailesi olmak \u00fczere sevenlerine ve sa\u011fl\u0131k camias\u0131na ba\u015fsa\u011fl\u0131\u011f\u0131 diledi. \u015eahin, kazada yaralananlara da acil \u015fifalar temennisinde bulundu.<br \/><\/p>\n","protected":false},"excerpt":{"rendered":"<p>Denizli Valili\u011fi Buldan\u2019da meydana gelen kazaya ili\u015fkin a\u00e7\u0131klama yapt\u0131. A\u00e7\u0131klamada, 22 yaral\u0131ya ise acil \u015fifalar dilenirken, olayla ilgili soru\u015fturma ba\u015flat\u0131ld\u0131\u011f\u0131 ifade edildi. Denizli Valili\u011fi, Buldan il\u00e7esinde meydana gelen trafik kazas\u0131na ili\u015fkin a\u00e7\u0131klama yapt\u0131. Valilikten yap\u0131lan a\u00e7\u0131klamada, Buldan il\u00e7esi Yenicekent Kav\u015fa\u011f\u0131 yak\u0131nlar\u0131nda 27 Ocak 2026 g\u00fcn\u00fc sabah saatlerinde \u015fiddetli ya\u011f\u0131\u015f\u0131n etkisiyle elim bir trafik kazas\u0131n\u0131n meydana&#8230;<\/p>\n","protected":false},"author":1,"featured_media":83355,"comment_status":"open","ping_status":"open","sticky":false,"template":"","format":"standard","meta":{"_crdt_document":"","footnotes":""},"categories":[5],"tags":[],"class_list":["post-83354","post","type-post","status-publish","format-standard","has-post-thumbnail","hentry","category-asayis"],"_links":{"self":[{"href":"https:\/\/www.egemtv.com\/index.php?rest_route=\/wp\/v2\/posts\/83354","targetHints":{"allow":["GET"]}}],"collection":[{"href":"https:\/\/www.egemtv.com\/index.php?rest_route=\/wp\/v2\/posts"}],"about":[{"href":"https:\/\/www.egemtv.com\/index.php?rest_route=\/wp\/v2\/types\/post"}],"author":[{"embeddable":true,"href":"https:\/\/www.egemtv.com\/index.php?rest_route=\/wp\/v2\/users\/1"}],"replies":[{"embeddable":true,"href":"https:\/\/www.egemtv.com\/index.php?rest_route=%2Fwp%2Fv2%2Fcomments&post=83354"}],"version-history":[{"count":1,"href":"https:\/\/www.egemtv.com\/index.php?rest_route=\/wp\/v2\/posts\/83354\/revisions"}],"predecessor-version":[{"id":83356,"href":"https:\/\/www.egemtv.com\/index.php?rest_route=\/wp\/v2\/posts\/83354\/revisions\/83356"}],"wp:featuredmedia":[{"embeddable":true,"href":"https:\/\/www.egemtv.com\/index.php?rest_route=\/wp\/v2\/media\/83355"}],"wp:attachment":[{"href":"https:\/\/www.egemtv.com\/index.php?rest_route=%2Fwp%2Fv2%2Fmedia&parent=83354"}],"wp:term":[{"taxonomy":"category","embeddable":true,"href":"https:\/\/www.egemtv.com\/index.php?rest_route=%2Fwp%2Fv2%2Fcategories&post=83354"},{"taxonomy":"post_tag","embeddable":true,"href":"https:\/\/www.egemtv.com\/index.php?rest_route=%2Fwp%2Fv2%2Ftags&post=83354"}],"curies":[{"name":"wp","href":"https:\/\/api.w.org\/{rel}","templated":true}]}}