{"id":83351,"date":"2026-01-27T13:15:39","date_gmt":"2026-01-27T10:15:39","guid":{"rendered":"https:\/\/www.egemtv.com\/?p=83351"},"modified":"2026-01-27T13:15:41","modified_gmt":"2026-01-27T10:15:41","slug":"muglasporda-rota-bucaspor-1928","status":"publish","type":"post","link":"https:\/\/www.egemtv.com\/?p=83351","title":{"rendered":"Mu\u011flaspor\u2019da rota Bucaspor 1928"},"content":{"rendered":"<p>TFF 2. Lig Beyaz Grup\u2019ta \u015fampiyonluk m\u00fccadelesi veren Mu\u011flaspor, ligin 23. haftas\u0131nda kendi sahas\u0131nda a\u011f\u0131rlayaca\u011f\u0131 Bucaspor 1928 ma\u00e7\u0131 i\u00e7in sahaya indi.<\/p>\n<p>Ge\u00e7ti\u011fimiz hafta sonu Beykoz deplasman\u0131ndan 2-1\u2019lik galibiyet ve 3 puanla d\u00f6nerek moral depolayan ye\u015fil-beyazl\u0131lar, ara vermeden \u00c7ar\u015famba g\u00fcn\u00fc oynanacak kritik m\u00fcsabakan\u0131n haz\u0131rl\u0131klar\u0131na ba\u015flad\u0131. Teknik Direkt\u00f6r Besim Durmu\u015f y\u00f6netiminde ger\u00e7ekle\u015ftirilen antrenmanla Mu\u011flaspor, galibiyet serisini s\u00fcrd\u00fcrmeyi hedefliyor. Bug\u00fcn ger\u00e7ekle\u015ftirilen antrenman, \u0131s\u0131nma hareketleri ve koordinasyon \u00e7al\u0131\u015fmalar\u0131yla ba\u015flad\u0131. Beykoz ma\u00e7\u0131nda uzun s\u00fcre alan oyuncular yenileme \u00e7al\u0131\u015fmas\u0131yla g\u00fcn\u00fc tamamlarken, di\u011fer oyuncular dar alanda pas ve taktiksel oyun \u00fczerinde durdu. Teknik patron Besim Durmu\u015f\u2019un antrenman boyunca oyuncular\u0131na s\u0131k s\u0131k uyar\u0131larda bulunarak oyun disiplini ve konsantrasyon vurgusu yapt\u0131\u011f\u0131 g\u00f6zlendi.<\/p>\n<p>Ligde 44 puanla 2. s\u0131rada yer alan ve liderlik koltu\u011fu i\u00e7in g\u00fcn sayan &#8220;Ege\u2019nin Efeleri&#8221;, ligin son s\u0131ras\u0131nda bulunan Bucaspor 1928 kar\u015f\u0131s\u0131nda hata yapmak istemiyor. Taraftar\u0131n\u0131n deste\u011fiyle sahadan 3 puanla ayr\u0131lmay\u0131 hedefleyen Mu\u011flaspor\u2019da teknik heyet, rehavete yer vermemek ad\u0131na haz\u0131rl\u0131klar\u0131 titizlikle s\u00fcrd\u00fcr\u00fcyor.<br \/><\/p>\n","protected":false},"excerpt":{"rendered":"<p>TFF 2. Lig Beyaz Grup\u2019ta \u015fampiyonluk m\u00fccadelesi veren Mu\u011flaspor, ligin 23. haftas\u0131nda kendi sahas\u0131nda a\u011f\u0131rlayaca\u011f\u0131 Bucaspor 1928 ma\u00e7\u0131 i\u00e7in sahaya indi. Ge\u00e7ti\u011fimiz hafta sonu Beykoz deplasman\u0131ndan 2-1\u2019lik galibiyet ve 3 puanla d\u00f6nerek moral depolayan ye\u015fil-beyazl\u0131lar, ara vermeden \u00c7ar\u015famba g\u00fcn\u00fc oynanacak kritik m\u00fcsabakan\u0131n haz\u0131rl\u0131klar\u0131na ba\u015flad\u0131. Teknik Direkt\u00f6r Besim Durmu\u015f y\u00f6netiminde ger\u00e7ekle\u015ftirilen antrenmanla Mu\u011flaspor, galibiyet serisini s\u00fcrd\u00fcrmeyi&#8230;<\/p>\n","protected":false},"author":1,"featured_media":83352,"comment_status":"open","ping_status":"open","sticky":false,"template":"","format":"standard","meta":{"_crdt_document":"","footnotes":""},"categories":[4],"tags":[],"class_list":["post-83351","post","type-post","status-publish","format-standard","has-post-thumbnail","hentry","category-spor"],"_links":{"self":[{"href":"https:\/\/www.egemtv.com\/index.php?rest_route=\/wp\/v2\/posts\/83351","targetHints":{"allow":["GET"]}}],"collection":[{"href":"https:\/\/www.egemtv.com\/index.php?rest_route=\/wp\/v2\/posts"}],"about":[{"href":"https:\/\/www.egemtv.com\/index.php?rest_route=\/wp\/v2\/types\/post"}],"author":[{"embeddable":true,"href":"https:\/\/www.egemtv.com\/index.php?rest_route=\/wp\/v2\/users\/1"}],"replies":[{"embeddable":true,"href":"https:\/\/www.egemtv.com\/index.php?rest_route=%2Fwp%2Fv2%2Fcomments&post=83351"}],"version-history":[{"count":1,"href":"https:\/\/www.egemtv.com\/index.php?rest_route=\/wp\/v2\/posts\/83351\/revisions"}],"predecessor-version":[{"id":83353,"href":"https:\/\/www.egemtv.com\/index.php?rest_route=\/wp\/v2\/posts\/83351\/revisions\/83353"}],"wp:featuredmedia":[{"embeddable":true,"href":"https:\/\/www.egemtv.com\/index.php?rest_route=\/wp\/v2\/media\/83352"}],"wp:attachment":[{"href":"https:\/\/www.egemtv.com\/index.php?rest_route=%2Fwp%2Fv2%2Fmedia&parent=83351"}],"wp:term":[{"taxonomy":"category","embeddable":true,"href":"https:\/\/www.egemtv.com\/index.php?rest_route=%2Fwp%2Fv2%2Fcategories&post=83351"},{"taxonomy":"post_tag","embeddable":true,"href":"https:\/\/www.egemtv.com\/index.php?rest_route=%2Fwp%2Fv2%2Ftags&post=83351"}],"curies":[{"name":"wp","href":"https:\/\/api.w.org\/{rel}","templated":true}]}}