{"id":83348,"date":"2026-01-27T13:15:38","date_gmt":"2026-01-27T10:15:38","guid":{"rendered":"https:\/\/www.egemtv.com\/?p=83348"},"modified":"2026-01-27T13:15:39","modified_gmt":"2026-01-27T10:15:39","slug":"siddetli-firtina-otoparkin-catisini-ucurdu","status":"publish","type":"post","link":"https:\/\/www.egemtv.com\/?p=83348","title":{"rendered":"\u015eiddetli f\u0131rt\u0131na, otopark\u0131n \u00e7at\u0131s\u0131n\u0131 u\u00e7urdu"},"content":{"rendered":"<p>Mu\u011fla\u2019n\u0131n Dalaman il\u00e7esinde etkili olan f\u0131rt\u0131na, bir otopark \u00e7at\u0131s\u0131n\u0131 u\u00e7ururken, o anlar g\u00fcvenlik kameralar\u0131na anbean yans\u0131d\u0131.<br \/>\n<br \/>Mu\u011fla genelinde etkili olan sa\u011fanak ya\u011f\u0131\u015f ve f\u0131rt\u0131na hayat\u0131 olumsuz etkiledi. Kentin bir\u00e7ok noktas\u0131nda su bask\u0131nlar\u0131 ve a\u011fa\u00e7 devrilmeleri ya\u015fan\u0131rken, Dalaman il\u00e7esinde de f\u0131rt\u0131na ve sa\u011fanak ya\u011f\u0131\u015f etkili oldu. Meteorolojiden yap\u0131lan uyar\u0131lar\u0131n ard\u0131ndan Dalaman\u2019da ba\u015flayan f\u0131rt\u0131na ve sa\u011fanak ya\u011fmur sebebiyle s\u00fcr\u00fcc\u00fcler ve vatanda\u015flar zor anlar ya\u015fad\u0131. \u00d6zellikle bir anda \u015fiddetini art\u0131ran f\u0131rt\u0131na sebebiyle bir evin \u00f6n\u00fcndeki otopark\u0131n \u00e7at\u0131s\u0131 u\u00e7tu. O anlar b\u00f6lgedeki g\u00fcvenlik kameras\u0131na anbean yans\u0131rken, g\u00f6r\u00fcnt\u00fclerde bir anda r\u00fczgar\u0131n \u015fiddetlenmesi ve \u00e7at\u0131n\u0131n yerinden s\u00f6k\u00fclerek u\u00e7mas\u0131 yer ald\u0131. Olayda \u015fans eseri yaralanan olmazken, park halindeki ara\u00e7larda maddi zarar meydana geldi.<br \/>\n<br \/>Yetkililer, olumsuz hava \u015fartlar\u0131n\u0131n devam etmesi nedeniyle dikkatli ve tedbirli olunmas\u0131 \u00e7a\u011fr\u0131s\u0131nda bulundu.<br \/><\/p>\n","protected":false},"excerpt":{"rendered":"<p>Mu\u011fla\u2019n\u0131n Dalaman il\u00e7esinde etkili olan f\u0131rt\u0131na, bir otopark \u00e7at\u0131s\u0131n\u0131 u\u00e7ururken, o anlar g\u00fcvenlik kameralar\u0131na anbean yans\u0131d\u0131. Mu\u011fla genelinde etkili olan sa\u011fanak ya\u011f\u0131\u015f ve f\u0131rt\u0131na hayat\u0131 olumsuz etkiledi. Kentin bir\u00e7ok noktas\u0131nda su bask\u0131nlar\u0131 ve a\u011fa\u00e7 devrilmeleri ya\u015fan\u0131rken, Dalaman il\u00e7esinde de f\u0131rt\u0131na ve sa\u011fanak ya\u011f\u0131\u015f etkili oldu. Meteorolojiden yap\u0131lan uyar\u0131lar\u0131n ard\u0131ndan Dalaman\u2019da ba\u015flayan f\u0131rt\u0131na ve sa\u011fanak ya\u011fmur&#8230;<\/p>\n","protected":false},"author":1,"featured_media":83349,"comment_status":"open","ping_status":"open","sticky":false,"template":"","format":"standard","meta":{"_crdt_document":"","footnotes":""},"categories":[5],"tags":[],"class_list":["post-83348","post","type-post","status-publish","format-standard","has-post-thumbnail","hentry","category-asayis"],"_links":{"self":[{"href":"https:\/\/www.egemtv.com\/index.php?rest_route=\/wp\/v2\/posts\/83348","targetHints":{"allow":["GET"]}}],"collection":[{"href":"https:\/\/www.egemtv.com\/index.php?rest_route=\/wp\/v2\/posts"}],"about":[{"href":"https:\/\/www.egemtv.com\/index.php?rest_route=\/wp\/v2\/types\/post"}],"author":[{"embeddable":true,"href":"https:\/\/www.egemtv.com\/index.php?rest_route=\/wp\/v2\/users\/1"}],"replies":[{"embeddable":true,"href":"https:\/\/www.egemtv.com\/index.php?rest_route=%2Fwp%2Fv2%2Fcomments&post=83348"}],"version-history":[{"count":1,"href":"https:\/\/www.egemtv.com\/index.php?rest_route=\/wp\/v2\/posts\/83348\/revisions"}],"predecessor-version":[{"id":83350,"href":"https:\/\/www.egemtv.com\/index.php?rest_route=\/wp\/v2\/posts\/83348\/revisions\/83350"}],"wp:featuredmedia":[{"embeddable":true,"href":"https:\/\/www.egemtv.com\/index.php?rest_route=\/wp\/v2\/media\/83349"}],"wp:attachment":[{"href":"https:\/\/www.egemtv.com\/index.php?rest_route=%2Fwp%2Fv2%2Fmedia&parent=83348"}],"wp:term":[{"taxonomy":"category","embeddable":true,"href":"https:\/\/www.egemtv.com\/index.php?rest_route=%2Fwp%2Fv2%2Fcategories&post=83348"},{"taxonomy":"post_tag","embeddable":true,"href":"https:\/\/www.egemtv.com\/index.php?rest_route=%2Fwp%2Fv2%2Ftags&post=83348"}],"curies":[{"name":"wp","href":"https:\/\/api.w.org\/{rel}","templated":true}]}}