{"id":83345,"date":"2026-01-27T13:15:37","date_gmt":"2026-01-27T10:15:37","guid":{"rendered":"https:\/\/www.egemtv.com\/?p=83345"},"modified":"2026-01-27T13:15:38","modified_gmt":"2026-01-27T10:15:38","slug":"menderes-nehri-suya-kavustu","status":"publish","type":"post","link":"https:\/\/www.egemtv.com\/?p=83345","title":{"rendered":"Menderes Nehri suya kavu\u015ftu"},"content":{"rendered":"<p>Ayd\u0131n\u2019da tar\u0131m arazilerinin en b\u00fcy\u00fck su kayna\u011f\u0131 olan ve kurakl\u0131k sebebiyle kurumaya y\u00fcz tutan B\u00fcy\u00fck Menderes Nehri, son g\u00fcnlerde etkili olan ya\u011f\u0131\u015flarla birlikte suya kavu\u015farak yeniden bereket ta\u015f\u0131maya ba\u015flad\u0131.<\/p>\n<p>Ayd\u0131n tar\u0131m\u0131n\u0131n can damarlar\u0131ndan olan B\u00fcy\u00fck Menderes Nehri, uzun s\u00fcre ya\u011f\u0131\u015flar\u0131n olmamas\u0131 sebebiyle kurumaya y\u00fcz tutarken, son g\u00fcnlerdeki ya\u011f\u0131\u015flar \u00fcreticilerin y\u00fcz\u00fcn\u00fc g\u00fcld\u00fcrd\u00fc. Ocak ay\u0131 itibariyle Ayd\u0131n genelinde etkisini g\u00f6steren ya\u011f\u0131\u015flar, nehirdeki su miktar\u0131n\u0131 art\u0131r\u0131rken, Menderes Nehri\u2019nin debisi de y\u00fckseldi. Adeta eski g\u00fcnlerine d\u00f6nen Menderes Nehri, yeniden bereket ta\u015f\u0131maya ba\u015flad\u0131. Ge\u00e7ti\u011fimiz y\u0131llarda ve yaz aylar\u0131nda kurakl\u0131k ile beraber adac\u0131klar\u0131n olu\u015ftu\u011fu Menderes\u2019in Nehri\u2019nin eski g\u00fcnlerdeki gibi akt\u0131\u011f\u0131n\u0131 g\u00f6ren vatanda\u015flar ise mutlu olduklar\u0131n\u0131 belirtti.<br \/><\/p>\n","protected":false},"excerpt":{"rendered":"<p>Ayd\u0131n\u2019da tar\u0131m arazilerinin en b\u00fcy\u00fck su kayna\u011f\u0131 olan ve kurakl\u0131k sebebiyle kurumaya y\u00fcz tutan B\u00fcy\u00fck Menderes Nehri, son g\u00fcnlerde etkili olan ya\u011f\u0131\u015flarla birlikte suya kavu\u015farak yeniden bereket ta\u015f\u0131maya ba\u015flad\u0131. Ayd\u0131n tar\u0131m\u0131n\u0131n can damarlar\u0131ndan olan B\u00fcy\u00fck Menderes Nehri, uzun s\u00fcre ya\u011f\u0131\u015flar\u0131n olmamas\u0131 sebebiyle kurumaya y\u00fcz tutarken, son g\u00fcnlerdeki ya\u011f\u0131\u015flar \u00fcreticilerin y\u00fcz\u00fcn\u00fc g\u00fcld\u00fcrd\u00fc. Ocak ay\u0131 itibariyle Ayd\u0131n&#8230;<\/p>\n","protected":false},"author":1,"featured_media":83346,"comment_status":"open","ping_status":"open","sticky":false,"template":"","format":"standard","meta":{"_crdt_document":"","footnotes":""},"categories":[1],"tags":[],"class_list":["post-83345","post","type-post","status-publish","format-standard","has-post-thumbnail","hentry","category-guncel"],"_links":{"self":[{"href":"https:\/\/www.egemtv.com\/index.php?rest_route=\/wp\/v2\/posts\/83345","targetHints":{"allow":["GET"]}}],"collection":[{"href":"https:\/\/www.egemtv.com\/index.php?rest_route=\/wp\/v2\/posts"}],"about":[{"href":"https:\/\/www.egemtv.com\/index.php?rest_route=\/wp\/v2\/types\/post"}],"author":[{"embeddable":true,"href":"https:\/\/www.egemtv.com\/index.php?rest_route=\/wp\/v2\/users\/1"}],"replies":[{"embeddable":true,"href":"https:\/\/www.egemtv.com\/index.php?rest_route=%2Fwp%2Fv2%2Fcomments&post=83345"}],"version-history":[{"count":1,"href":"https:\/\/www.egemtv.com\/index.php?rest_route=\/wp\/v2\/posts\/83345\/revisions"}],"predecessor-version":[{"id":83347,"href":"https:\/\/www.egemtv.com\/index.php?rest_route=\/wp\/v2\/posts\/83345\/revisions\/83347"}],"wp:featuredmedia":[{"embeddable":true,"href":"https:\/\/www.egemtv.com\/index.php?rest_route=\/wp\/v2\/media\/83346"}],"wp:attachment":[{"href":"https:\/\/www.egemtv.com\/index.php?rest_route=%2Fwp%2Fv2%2Fmedia&parent=83345"}],"wp:term":[{"taxonomy":"category","embeddable":true,"href":"https:\/\/www.egemtv.com\/index.php?rest_route=%2Fwp%2Fv2%2Fcategories&post=83345"},{"taxonomy":"post_tag","embeddable":true,"href":"https:\/\/www.egemtv.com\/index.php?rest_route=%2Fwp%2Fv2%2Ftags&post=83345"}],"curies":[{"name":"wp","href":"https:\/\/api.w.org\/{rel}","templated":true}]}}