{"id":83342,"date":"2026-01-27T13:15:36","date_gmt":"2026-01-27T10:15:36","guid":{"rendered":"https:\/\/www.egemtv.com\/?p=83342"},"modified":"2026-01-27T13:15:37","modified_gmt":"2026-01-27T10:15:37","slug":"silah-ve-elektronik-urunlerle-yakalanan-bir-kisi-tutuklandi","status":"publish","type":"post","link":"https:\/\/www.egemtv.com\/?p=83342","title":{"rendered":"Silah ve elektronik \u00fcr\u00fcnlerle yakalanan bir ki\u015fi tutukland\u0131"},"content":{"rendered":"<p>Afyonkarahisar\u2019da polis taraf\u0131ndan \u015f\u00fcphe \u00fczerine durdurulan Bir ara\u00e7ta ruhsats\u0131z tabanca ve de\u011fi\u015fik t\u00fcrlerde elektronik  \u00fcr\u00fcnle yakalanan bir \u015fah\u0131s \u00e7\u0131kar\u0131ld\u0131\u011f\u0131 mahkeme taraf\u0131ndan tutukland\u0131.<br \/>\n<br \/>Edinilen bilgilere g\u00f6re, kent giri\u015finde trafik ve asayi\u015f uygulamas\u0131 yapan ekipler \u015f\u00fcphe \u00fczerine bir arac\u0131 durdurarak arama yapt\u0131. Aramada 1 adet ruhsats\u0131z tabancayla birlikte \u00e7ok say\u0131da cep telefonu aksesuar\u0131 ve elektronik malzeme ele ge\u00e7irildi. Olayda ara\u00e7ta bulunan iki ki\u015fi g\u00f6zalt\u0131na al\u0131n\u0131rken, yakalanan \u015fah\u0131slardan biri i\u015flemlerinin ard\u0131ndan sevk edildi\u011fi mahkeme taraf\u0131ndan tutuklanarak cezaevine g\u00f6nderildi.<br \/><\/p>\n","protected":false},"excerpt":{"rendered":"<p>Afyonkarahisar\u2019da polis taraf\u0131ndan \u015f\u00fcphe \u00fczerine durdurulan Bir ara\u00e7ta ruhsats\u0131z tabanca ve de\u011fi\u015fik t\u00fcrlerde elektronik \u00fcr\u00fcnle yakalanan bir \u015fah\u0131s \u00e7\u0131kar\u0131ld\u0131\u011f\u0131 mahkeme taraf\u0131ndan tutukland\u0131. Edinilen bilgilere g\u00f6re, kent giri\u015finde trafik ve asayi\u015f uygulamas\u0131 yapan ekipler \u015f\u00fcphe \u00fczerine bir arac\u0131 durdurarak arama yapt\u0131. Aramada 1 adet ruhsats\u0131z tabancayla birlikte \u00e7ok say\u0131da cep telefonu aksesuar\u0131 ve elektronik malzeme ele&#8230;<\/p>\n","protected":false},"author":1,"featured_media":83343,"comment_status":"open","ping_status":"open","sticky":false,"template":"","format":"standard","meta":{"_crdt_document":"","footnotes":""},"categories":[5],"tags":[],"class_list":["post-83342","post","type-post","status-publish","format-standard","has-post-thumbnail","hentry","category-asayis"],"_links":{"self":[{"href":"https:\/\/www.egemtv.com\/index.php?rest_route=\/wp\/v2\/posts\/83342","targetHints":{"allow":["GET"]}}],"collection":[{"href":"https:\/\/www.egemtv.com\/index.php?rest_route=\/wp\/v2\/posts"}],"about":[{"href":"https:\/\/www.egemtv.com\/index.php?rest_route=\/wp\/v2\/types\/post"}],"author":[{"embeddable":true,"href":"https:\/\/www.egemtv.com\/index.php?rest_route=\/wp\/v2\/users\/1"}],"replies":[{"embeddable":true,"href":"https:\/\/www.egemtv.com\/index.php?rest_route=%2Fwp%2Fv2%2Fcomments&post=83342"}],"version-history":[{"count":1,"href":"https:\/\/www.egemtv.com\/index.php?rest_route=\/wp\/v2\/posts\/83342\/revisions"}],"predecessor-version":[{"id":83344,"href":"https:\/\/www.egemtv.com\/index.php?rest_route=\/wp\/v2\/posts\/83342\/revisions\/83344"}],"wp:featuredmedia":[{"embeddable":true,"href":"https:\/\/www.egemtv.com\/index.php?rest_route=\/wp\/v2\/media\/83343"}],"wp:attachment":[{"href":"https:\/\/www.egemtv.com\/index.php?rest_route=%2Fwp%2Fv2%2Fmedia&parent=83342"}],"wp:term":[{"taxonomy":"category","embeddable":true,"href":"https:\/\/www.egemtv.com\/index.php?rest_route=%2Fwp%2Fv2%2Fcategories&post=83342"},{"taxonomy":"post_tag","embeddable":true,"href":"https:\/\/www.egemtv.com\/index.php?rest_route=%2Fwp%2Fv2%2Ftags&post=83342"}],"curies":[{"name":"wp","href":"https:\/\/api.w.org\/{rel}","templated":true}]}}