{"id":83336,"date":"2026-01-27T12:54:49","date_gmt":"2026-01-27T09:54:49","guid":{"rendered":"https:\/\/www.egemtv.com\/?p=83336"},"modified":"2026-01-27T12:54:49","modified_gmt":"2026-01-27T09:54:49","slug":"kutahya-belediyesi-personeline-bagimlilikla-mucadele-semineri","status":"publish","type":"post","link":"https:\/\/www.egemtv.com\/?p=83336","title":{"rendered":"K\u00fctahya Belediyesi personeline ba\u011f\u0131ml\u0131l\u0131kla m\u00fccadele semineri"},"content":{"rendered":"<p>K\u00fctahya Belediyesi personeline y\u00f6nelik olarak, ba\u011f\u0131ml\u0131l\u0131kla m\u00fccadele konusunda fark\u0131ndal\u0131k olu\u015fturmak amac\u0131yla seminer d\u00fczenlendi. E\u011fitim, K\u00fctahya Emniyet M\u00fcd\u00fcrl\u00fc\u011f\u00fc\u2019ne ba\u011fl\u0131 Narkotik Su\u00e7larla M\u00fccadele \u015eube M\u00fcd\u00fcrl\u00fc\u011f\u00fc personeli taraf\u0131ndan verildi.<br \/>\n<br \/>D\u00fczenlenen Ba\u011f\u0131ml\u0131l\u0131kla M\u00fccadele Semineri\u2019nde; uyu\u015fturucu ve madde ba\u011f\u0131ml\u0131l\u0131\u011f\u0131n\u0131n bireysel ve toplumsal etkileri, ba\u011f\u0131ml\u0131l\u0131\u011f\u0131n olu\u015fum s\u00fcreci ile m\u00fccadele y\u00f6ntemleri kapsaml\u0131 \u015fekilde ele al\u0131nd\u0131. Ayr\u0131ca erken fark\u0131ndal\u0131\u011f\u0131n \u00f6nemi, risk gruplar\u0131n\u0131n tan\u0131nmas\u0131, korunma yollar\u0131 ve kamu kurumlar\u0131n\u0131n bu s\u00fcre\u00e7te \u00fcstlendi\u011fi sorumluluklar hakk\u0131nda bilgilendirmelerde bulunuldu.<br \/>\n<br \/>Programda belediye personelinin sorular\u0131 da yan\u0131tlan\u0131rken, ba\u011f\u0131ml\u0131l\u0131kla m\u00fccadelede kurumlar aras\u0131 i\u015f birli\u011finin \u00f6nemi vurguland\u0131.<br \/>\n<br \/>K\u00fctahya Belediyesi yetkilileri, personelin bilin\u00e7lenmesine katk\u0131 sunan ve toplumsal fark\u0131ndal\u0131\u011f\u0131 art\u0131rmay\u0131 ama\u00e7layan e\u011fitim programlar\u0131n\u0131n \u00f6n\u00fcm\u00fczdeki s\u00fcre\u00e7te de devam edece\u011fini ifade etti.<br \/><\/p>\n","protected":false},"excerpt":{"rendered":"<p>K\u00fctahya Belediyesi personeline y\u00f6nelik olarak, ba\u011f\u0131ml\u0131l\u0131kla m\u00fccadele konusunda fark\u0131ndal\u0131k olu\u015fturmak amac\u0131yla seminer d\u00fczenlendi. E\u011fitim, K\u00fctahya Emniyet M\u00fcd\u00fcrl\u00fc\u011f\u00fc\u2019ne ba\u011fl\u0131 Narkotik Su\u00e7larla M\u00fccadele \u015eube M\u00fcd\u00fcrl\u00fc\u011f\u00fc personeli taraf\u0131ndan verildi. D\u00fczenlenen Ba\u011f\u0131ml\u0131l\u0131kla M\u00fccadele Semineri\u2019nde; uyu\u015fturucu ve madde ba\u011f\u0131ml\u0131l\u0131\u011f\u0131n\u0131n bireysel ve toplumsal etkileri, ba\u011f\u0131ml\u0131l\u0131\u011f\u0131n olu\u015fum s\u00fcreci ile m\u00fccadele y\u00f6ntemleri kapsaml\u0131 \u015fekilde ele al\u0131nd\u0131. Ayr\u0131ca erken fark\u0131ndal\u0131\u011f\u0131n \u00f6nemi, risk gruplar\u0131n\u0131n tan\u0131nmas\u0131,&#8230;<\/p>\n","protected":false},"author":1,"featured_media":83337,"comment_status":"open","ping_status":"open","sticky":false,"template":"","format":"standard","meta":{"_crdt_document":"","footnotes":""},"categories":[1],"tags":[],"class_list":["post-83336","post","type-post","status-publish","format-standard","has-post-thumbnail","hentry","category-guncel"],"_links":{"self":[{"href":"https:\/\/www.egemtv.com\/index.php?rest_route=\/wp\/v2\/posts\/83336","targetHints":{"allow":["GET"]}}],"collection":[{"href":"https:\/\/www.egemtv.com\/index.php?rest_route=\/wp\/v2\/posts"}],"about":[{"href":"https:\/\/www.egemtv.com\/index.php?rest_route=\/wp\/v2\/types\/post"}],"author":[{"embeddable":true,"href":"https:\/\/www.egemtv.com\/index.php?rest_route=\/wp\/v2\/users\/1"}],"replies":[{"embeddable":true,"href":"https:\/\/www.egemtv.com\/index.php?rest_route=%2Fwp%2Fv2%2Fcomments&post=83336"}],"version-history":[{"count":1,"href":"https:\/\/www.egemtv.com\/index.php?rest_route=\/wp\/v2\/posts\/83336\/revisions"}],"predecessor-version":[{"id":83338,"href":"https:\/\/www.egemtv.com\/index.php?rest_route=\/wp\/v2\/posts\/83336\/revisions\/83338"}],"wp:featuredmedia":[{"embeddable":true,"href":"https:\/\/www.egemtv.com\/index.php?rest_route=\/wp\/v2\/media\/83337"}],"wp:attachment":[{"href":"https:\/\/www.egemtv.com\/index.php?rest_route=%2Fwp%2Fv2%2Fmedia&parent=83336"}],"wp:term":[{"taxonomy":"category","embeddable":true,"href":"https:\/\/www.egemtv.com\/index.php?rest_route=%2Fwp%2Fv2%2Fcategories&post=83336"},{"taxonomy":"post_tag","embeddable":true,"href":"https:\/\/www.egemtv.com\/index.php?rest_route=%2Fwp%2Fv2%2Ftags&post=83336"}],"curies":[{"name":"wp","href":"https:\/\/api.w.org\/{rel}","templated":true}]}}