{"id":83333,"date":"2026-01-27T12:54:48","date_gmt":"2026-01-27T09:54:48","guid":{"rendered":"https:\/\/www.egemtv.com\/?p=83333"},"modified":"2026-01-27T12:54:48","modified_gmt":"2026-01-27T09:54:48","slug":"kutahyada-sehitler-ve-gaziler-dualarla-anildi","status":"publish","type":"post","link":"https:\/\/www.egemtv.com\/?p=83333","title":{"rendered":"K\u00fctahya\u2019da \u015fehitler ve gaziler dualarla an\u0131ld\u0131"},"content":{"rendered":"<p>K\u00fctahya Belediyesi ile Harp Malul\u00fc Gaziler \u015eehit Dul ve Yetimler Derne\u011fi K\u00fctahya \u015eube Ba\u015fkanl\u0131\u011f\u0131 i\u015f birli\u011finde, \u015fehit ve gazilerin aziz hat\u0131ras\u0131n\u0131 ya\u015fatmak amac\u0131yla Kur\u2019an-\u0131 Kerim Tilaveti ve Mevl\u00fct Program\u0131 d\u00fczenlendi.<br \/>\n<br \/>Karag\u00f6z Camii\u2019nde \u00f6\u011fle namaz\u0131 \u00f6ncesinde ger\u00e7ekle\u015ftirilen programa, K\u00fctahya Belediye Ba\u015fkan\u0131 Ey\u00fcp Kahveci, T\u00fcrkiye Harp Malul\u00fc Gaziler \u015eehit Dul ve Yetimleri Derne\u011fi K\u00fctahya \u015eube Ba\u015fkan\u0131 As\u0131m Okat ve \u00e7ok say\u0131da vatanda\u015f kat\u0131ld\u0131.<br \/>\n<br \/>Programda; Ocak ay\u0131nda \u015fehit olan kahraman askerler ve polisler, vefat eden gaziler, 6-11 Ocak 1921 tarihlerinde ger\u00e7ekle\u015fen 1. \u0130n\u00f6n\u00fc Muharebesi\u2019nde \u015fehit d\u00fc\u015fen askerler ile ebedi Ba\u015fkomutan Gazi Mustafa Kemal Atat\u00fcrk\u2019\u00fcn ruhu i\u00e7in dualar edildi.<br \/>\n<br \/>Birlik ve beraberlik i\u00e7erisinde ger\u00e7ekle\u015ftirilen programda, aziz \u015fehitler rahmet ve minnetle an\u0131l\u0131rken, mevl\u00fct program\u0131n\u0131n ard\u0131ndan K\u00fctahya Belediyesi taraf\u0131ndan haz\u0131rlanan ikramlar vatanda\u015flara da\u011f\u0131t\u0131ld\u0131.<br \/>\n<br \/>K\u00fctahya Belediyesi yetkilileri, milli ve manevi de\u011ferlere sahip \u00e7\u0131kmaya, \u015fehitlerin aziz hat\u0131ras\u0131n\u0131 ya\u015fatmaya y\u00f6nelik etkinliklere devam edeceklerini ifade etti.<br \/><\/p>\n","protected":false},"excerpt":{"rendered":"<p>K\u00fctahya Belediyesi ile Harp Malul\u00fc Gaziler \u015eehit Dul ve Yetimler Derne\u011fi K\u00fctahya \u015eube Ba\u015fkanl\u0131\u011f\u0131 i\u015f birli\u011finde, \u015fehit ve gazilerin aziz hat\u0131ras\u0131n\u0131 ya\u015fatmak amac\u0131yla Kur\u2019an-\u0131 Kerim Tilaveti ve Mevl\u00fct Program\u0131 d\u00fczenlendi. Karag\u00f6z Camii\u2019nde \u00f6\u011fle namaz\u0131 \u00f6ncesinde ger\u00e7ekle\u015ftirilen programa, K\u00fctahya Belediye Ba\u015fkan\u0131 Ey\u00fcp Kahveci, T\u00fcrkiye Harp Malul\u00fc Gaziler \u015eehit Dul ve Yetimleri Derne\u011fi K\u00fctahya \u015eube Ba\u015fkan\u0131 As\u0131m&#8230;<\/p>\n","protected":false},"author":1,"featured_media":83334,"comment_status":"open","ping_status":"open","sticky":false,"template":"","format":"standard","meta":{"_crdt_document":"","footnotes":""},"categories":[123],"tags":[],"class_list":["post-83333","post","type-post","status-publish","format-standard","has-post-thumbnail","hentry","category-gundem"],"_links":{"self":[{"href":"https:\/\/www.egemtv.com\/index.php?rest_route=\/wp\/v2\/posts\/83333","targetHints":{"allow":["GET"]}}],"collection":[{"href":"https:\/\/www.egemtv.com\/index.php?rest_route=\/wp\/v2\/posts"}],"about":[{"href":"https:\/\/www.egemtv.com\/index.php?rest_route=\/wp\/v2\/types\/post"}],"author":[{"embeddable":true,"href":"https:\/\/www.egemtv.com\/index.php?rest_route=\/wp\/v2\/users\/1"}],"replies":[{"embeddable":true,"href":"https:\/\/www.egemtv.com\/index.php?rest_route=%2Fwp%2Fv2%2Fcomments&post=83333"}],"version-history":[{"count":1,"href":"https:\/\/www.egemtv.com\/index.php?rest_route=\/wp\/v2\/posts\/83333\/revisions"}],"predecessor-version":[{"id":83335,"href":"https:\/\/www.egemtv.com\/index.php?rest_route=\/wp\/v2\/posts\/83333\/revisions\/83335"}],"wp:featuredmedia":[{"embeddable":true,"href":"https:\/\/www.egemtv.com\/index.php?rest_route=\/wp\/v2\/media\/83334"}],"wp:attachment":[{"href":"https:\/\/www.egemtv.com\/index.php?rest_route=%2Fwp%2Fv2%2Fmedia&parent=83333"}],"wp:term":[{"taxonomy":"category","embeddable":true,"href":"https:\/\/www.egemtv.com\/index.php?rest_route=%2Fwp%2Fv2%2Fcategories&post=83333"},{"taxonomy":"post_tag","embeddable":true,"href":"https:\/\/www.egemtv.com\/index.php?rest_route=%2Fwp%2Fv2%2Ftags&post=83333"}],"curies":[{"name":"wp","href":"https:\/\/api.w.org\/{rel}","templated":true}]}}