{"id":83330,"date":"2026-01-27T12:34:55","date_gmt":"2026-01-27T09:34:55","guid":{"rendered":"https:\/\/www.egemtv.com\/?p=83330"},"modified":"2026-01-27T12:34:56","modified_gmt":"2026-01-27T09:34:56","slug":"isten-cikti-evine-varamadan-karanlik-bir-yolda-can-verdi","status":"publish","type":"post","link":"https:\/\/www.egemtv.com\/?p=83330","title":{"rendered":"\u0130\u015ften \u00e7\u0131kt\u0131, evine varamadan karanl\u0131k bir yolda can verdi"},"content":{"rendered":"<p>\u0130zmir\u2019in Torbal\u0131 il\u00e7esinde yolun kar\u015f\u0131s\u0131na ge\u00e7meye \u00e7al\u0131\u015f\u0131rken otomobilin \u00e7arpt\u0131\u011f\u0131 52 ya\u015f\u0131ndaki kad\u0131n, kald\u0131r\u0131ld\u0131\u011f\u0131 hastanede yap\u0131lan t\u00fcm m\u00fcdahalelere ra\u011fmen kurtar\u0131lamayarak hayat\u0131n\u0131 kaybetti. Talihsiz kad\u0131n\u0131n yakla\u015f\u0131k 200 metre uzakta bulunan bir fabrikada \u00e7al\u0131\u015ft\u0131\u011f\u0131 ve mesaisinin bitmesinin ard\u0131ndan evine gitmek \u00fczere yola \u00e7\u0131kt\u0131\u011f\u0131 \u00f6\u011frenildi.<br \/>\n<br \/>Kaza, d\u00fcn ak\u015fam saatlerinde Ekoten Caddesi \u00fczerinde meydana geldi. Edinilen bilgiye g\u00f6re, N.K. idaresindeki 35 GB 3208 plakal\u0131 otomobil, Ekoten Caddesi\u2019nden Bay\u0131nd\u0131r Kav\u015fa\u011f\u0131 istikametine sa\u011f \u015feritten seyir halindeyken, yol \u00fczerinde y\u00fcr\u00fcyen Dilek Us\u2019a (52) \u00e7arpt\u0131. \u00c7arpman\u0131n etkisiyle savrularak a\u011f\u0131r yaralanan talihsiz kad\u0131n, \u00e7evredekilerin ihbar\u0131 \u00fczerine olay yerine gelen sa\u011fl\u0131k ekiplerince Torbal\u0131 Devlet Hastanesi\u2019ne kald\u0131r\u0131ld\u0131. Us, burada doktorlar\u0131n yapt\u0131\u011f\u0131 t\u00fcm m\u00fcdahalelere ra\u011fmen kurtar\u0131lamayarak ya\u015fam\u0131n\u0131 yitirdi.<\/p>\n<p>\u0130\u015ften \u00e7\u0131k\u0131p evine gidiyordu<br \/>\n<br \/>Kazada hayat\u0131n\u0131 kaybeden Dilek Us\u2019un, olay yerine yakla\u015f\u0131k 200 metre mesafede bulunan bir fabrikada \u00e7al\u0131\u015ft\u0131\u011f\u0131 ve mesaisinin bitmesinin ard\u0131ndan evine gitmek \u00fczere yola \u00e7\u0131kt\u0131\u011f\u0131 \u00f6\u011frenildi.<\/p>\n<p>S\u00fcr\u00fcc\u00fc: &#8220;Zifiri karanl\u0131kt\u0131&#8221;<br \/>\n<br \/>Kazan\u0131n ard\u0131ndan g\u00f6zalt\u0131na al\u0131nan s\u00fcr\u00fcc\u00fc N.K.\u2019nin ifadesinde, yolun karanl\u0131k olmas\u0131 nedeniyle g\u00f6r\u00fc\u015f mesafesinin d\u00fc\u015f\u00fck oldu\u011funu belirterek, &#8220;Zifiri karanl\u0131kt\u0131, hi\u00e7bir \u015fey g\u00f6rm\u00fcyordum. Kad\u0131na \u00e7arpt\u0131\u011f\u0131m\u0131 durduktan sonra fark ettim. \u0130lk anda lasti\u011fim patlad\u0131 sand\u0131m&#8221; dedi\u011fi \u00f6\u011frenildi.<br \/>\n<br \/>Kazayla ilgili ba\u015flat\u0131lan soru\u015fturma s\u00fcr\u00fcyor.<br \/><\/p>\n","protected":false},"excerpt":{"rendered":"<p>\u0130zmir\u2019in Torbal\u0131 il\u00e7esinde yolun kar\u015f\u0131s\u0131na ge\u00e7meye \u00e7al\u0131\u015f\u0131rken otomobilin \u00e7arpt\u0131\u011f\u0131 52 ya\u015f\u0131ndaki kad\u0131n, kald\u0131r\u0131ld\u0131\u011f\u0131 hastanede yap\u0131lan t\u00fcm m\u00fcdahalelere ra\u011fmen kurtar\u0131lamayarak hayat\u0131n\u0131 kaybetti. Talihsiz kad\u0131n\u0131n yakla\u015f\u0131k 200 metre uzakta bulunan bir fabrikada \u00e7al\u0131\u015ft\u0131\u011f\u0131 ve mesaisinin bitmesinin ard\u0131ndan evine gitmek \u00fczere yola \u00e7\u0131kt\u0131\u011f\u0131 \u00f6\u011frenildi. Kaza, d\u00fcn ak\u015fam saatlerinde Ekoten Caddesi \u00fczerinde meydana geldi. Edinilen bilgiye g\u00f6re, N.K. idaresindeki&#8230;<\/p>\n","protected":false},"author":1,"featured_media":83331,"comment_status":"open","ping_status":"open","sticky":false,"template":"","format":"standard","meta":{"_crdt_document":"","footnotes":""},"categories":[5],"tags":[],"class_list":["post-83330","post","type-post","status-publish","format-standard","has-post-thumbnail","hentry","category-asayis"],"_links":{"self":[{"href":"https:\/\/www.egemtv.com\/index.php?rest_route=\/wp\/v2\/posts\/83330","targetHints":{"allow":["GET"]}}],"collection":[{"href":"https:\/\/www.egemtv.com\/index.php?rest_route=\/wp\/v2\/posts"}],"about":[{"href":"https:\/\/www.egemtv.com\/index.php?rest_route=\/wp\/v2\/types\/post"}],"author":[{"embeddable":true,"href":"https:\/\/www.egemtv.com\/index.php?rest_route=\/wp\/v2\/users\/1"}],"replies":[{"embeddable":true,"href":"https:\/\/www.egemtv.com\/index.php?rest_route=%2Fwp%2Fv2%2Fcomments&post=83330"}],"version-history":[{"count":1,"href":"https:\/\/www.egemtv.com\/index.php?rest_route=\/wp\/v2\/posts\/83330\/revisions"}],"predecessor-version":[{"id":83332,"href":"https:\/\/www.egemtv.com\/index.php?rest_route=\/wp\/v2\/posts\/83330\/revisions\/83332"}],"wp:featuredmedia":[{"embeddable":true,"href":"https:\/\/www.egemtv.com\/index.php?rest_route=\/wp\/v2\/media\/83331"}],"wp:attachment":[{"href":"https:\/\/www.egemtv.com\/index.php?rest_route=%2Fwp%2Fv2%2Fmedia&parent=83330"}],"wp:term":[{"taxonomy":"category","embeddable":true,"href":"https:\/\/www.egemtv.com\/index.php?rest_route=%2Fwp%2Fv2%2Fcategories&post=83330"},{"taxonomy":"post_tag","embeddable":true,"href":"https:\/\/www.egemtv.com\/index.php?rest_route=%2Fwp%2Fv2%2Ftags&post=83330"}],"curies":[{"name":"wp","href":"https:\/\/api.w.org\/{rel}","templated":true}]}}