{"id":83327,"date":"2026-01-27T12:34:54","date_gmt":"2026-01-27T09:34:54","guid":{"rendered":"https:\/\/www.egemtv.com\/?p=83327"},"modified":"2026-01-27T12:34:55","modified_gmt":"2026-01-27T09:34:55","slug":"cocuklar-saglikli-beslenmeyi-tiyatroyla-ogrendi","status":"publish","type":"post","link":"https:\/\/www.egemtv.com\/?p=83327","title":{"rendered":"\u00c7ocuklar sa\u011fl\u0131kl\u0131 beslenmeyi tiyatroyla \u00f6\u011frendi"},"content":{"rendered":"<p>Yunusemre Belediyesi\u2019nin ara tatil etkinlikleri kapsam\u0131nda sahnelenen &#8220;Bizim Ay\u015fe Abur Cubur Krall\u0131\u011f\u0131\u2019nda&#8221; adl\u0131 \u00e7ocuk tiyatrosu, Yunt-da\u011f\u0131 mahallelerinde minik izleyicilerle bulu\u015farak hem e\u011flendirdi hem de sa\u011f-l\u0131kl\u0131 beslenme konusunda fark\u0131ndal\u0131k olu\u015fturdu.<br \/>\n<br \/>Yunusemre Belediyesi taraf\u0131ndan ara tatil kapsam\u0131nda d\u00fczenlenen \u00e7ocuk tiyatrosu &#8220;Bizim Ay\u015fe Abur Cubur Krall\u0131\u011f\u0131\u2019nda&#8221;, Yuntda\u011f\u0131 mahallelerinde bir hafta boyunca minik izleyicilerle bulu\u015ftu. M\u00fczikli ve dansl\u0131 yap\u0131s\u0131yla dikkat \u00e7eken oyun, \u00e7ocuklara hem e\u011flenceli hem de \u00f6\u011fretici anlar ya\u015fatt\u0131. 6 ya\u015f ve \u00fczeri \u00e7ocuklara y\u00f6nelik olarak \u00fccretsiz sahnelenen oyun, ara tatilde \u00e7ocuklar\u0131n zamanlar\u0131n\u0131 verimli ge\u00e7irmesine katk\u0131 sa\u011flad\u0131. E\u011flenceli karakterlerle sahnelenen tiyatro oyunu, \u00e7ocuklara sa\u011fl\u0131kl\u0131 beslenme al\u0131\u015fkanl\u0131klar\u0131 konusunda fark\u0131ndal\u0131k kazand\u0131rd\u0131. Yazar ve y\u00f6netmenli\u011fini Selami Ar\u0131\u2019n\u0131n \u00fcstlendi\u011fi oyunda; Selenay Do\u011fan, Ecrin Yaren Karaday\u0131, Ecrin Ceyhan, Efsa Elif \u00d6zk\u00f6yl\u00fc, Yusuf Eymen Sar\u0131ta\u015f, Gizem Ok, Arda K\u00f6k, Ayb\u00fcke Parlayan, Fikriye \u00d6ks\u00fcz ve Mustafa Osman Aslan rol ald\u0131. Genel Sanat Y\u00f6netmenli\u011fi\u2019ni Ali Hakan Be\u015fen\u2019in yapt\u0131\u011f\u0131 oyun, Maksat Koop Sahne katk\u0131lar\u0131yla sahnelendi. Ara tatil boyunca Osmancal\u0131, Ya\u011fc\u0131lar, Pelitalan ve \u00dc\u00e7p\u0131nar sosyal tesislerinde sahnelenen oyun, Muradiye Sosyal Tesisleri\u2019nde ger\u00e7ekle\u015ftirilen son g\u00f6sterimle tamamland\u0131. Muradiye\u2019de d\u00fczenlenen final g\u00f6sterimine Yunusemre Engelsiz Ya\u015fam Merkezi \u00f6\u011frencileri de kat\u0131larak sahnelenen oyunu keyifle izledi.<br \/><\/p>\n","protected":false},"excerpt":{"rendered":"<p>Yunusemre Belediyesi\u2019nin ara tatil etkinlikleri kapsam\u0131nda sahnelenen &#8220;Bizim Ay\u015fe Abur Cubur Krall\u0131\u011f\u0131\u2019nda&#8221; adl\u0131 \u00e7ocuk tiyatrosu, Yunt-da\u011f\u0131 mahallelerinde minik izleyicilerle bulu\u015farak hem e\u011flendirdi hem de sa\u011f-l\u0131kl\u0131 beslenme konusunda fark\u0131ndal\u0131k olu\u015fturdu. Yunusemre Belediyesi taraf\u0131ndan ara tatil kapsam\u0131nda d\u00fczenlenen \u00e7ocuk tiyatrosu &#8220;Bizim Ay\u015fe Abur Cubur Krall\u0131\u011f\u0131\u2019nda&#8221;, Yuntda\u011f\u0131 mahallelerinde bir hafta boyunca minik izleyicilerle bulu\u015ftu. M\u00fczikli ve dansl\u0131 yap\u0131s\u0131yla&#8230;<\/p>\n","protected":false},"author":1,"featured_media":83328,"comment_status":"open","ping_status":"open","sticky":false,"template":"","format":"standard","meta":{"_crdt_document":"","footnotes":""},"categories":[1],"tags":[],"class_list":["post-83327","post","type-post","status-publish","format-standard","has-post-thumbnail","hentry","category-guncel"],"_links":{"self":[{"href":"https:\/\/www.egemtv.com\/index.php?rest_route=\/wp\/v2\/posts\/83327","targetHints":{"allow":["GET"]}}],"collection":[{"href":"https:\/\/www.egemtv.com\/index.php?rest_route=\/wp\/v2\/posts"}],"about":[{"href":"https:\/\/www.egemtv.com\/index.php?rest_route=\/wp\/v2\/types\/post"}],"author":[{"embeddable":true,"href":"https:\/\/www.egemtv.com\/index.php?rest_route=\/wp\/v2\/users\/1"}],"replies":[{"embeddable":true,"href":"https:\/\/www.egemtv.com\/index.php?rest_route=%2Fwp%2Fv2%2Fcomments&post=83327"}],"version-history":[{"count":1,"href":"https:\/\/www.egemtv.com\/index.php?rest_route=\/wp\/v2\/posts\/83327\/revisions"}],"predecessor-version":[{"id":83329,"href":"https:\/\/www.egemtv.com\/index.php?rest_route=\/wp\/v2\/posts\/83327\/revisions\/83329"}],"wp:featuredmedia":[{"embeddable":true,"href":"https:\/\/www.egemtv.com\/index.php?rest_route=\/wp\/v2\/media\/83328"}],"wp:attachment":[{"href":"https:\/\/www.egemtv.com\/index.php?rest_route=%2Fwp%2Fv2%2Fmedia&parent=83327"}],"wp:term":[{"taxonomy":"category","embeddable":true,"href":"https:\/\/www.egemtv.com\/index.php?rest_route=%2Fwp%2Fv2%2Fcategories&post=83327"},{"taxonomy":"post_tag","embeddable":true,"href":"https:\/\/www.egemtv.com\/index.php?rest_route=%2Fwp%2Fv2%2Ftags&post=83327"}],"curies":[{"name":"wp","href":"https:\/\/api.w.org\/{rel}","templated":true}]}}