{"id":83324,"date":"2026-01-27T12:14:55","date_gmt":"2026-01-27T09:14:55","guid":{"rendered":"https:\/\/www.egemtv.com\/?p=83324"},"modified":"2026-01-27T12:14:56","modified_gmt":"2026-01-27T09:14:56","slug":"otellerde-yangin-guvenliginde-yeni-donem-itfaiye-raporu-olmayan-tesisin-faaliyeti-durdurulacak","status":"publish","type":"post","link":"https:\/\/www.egemtv.com\/?p=83324","title":{"rendered":"Otellerde yang\u0131n g\u00fcvenli\u011finde yeni d\u00f6nem: &#8220;\u0130tfaiye raporu olmayan tesisin faaliyeti durdurulacak&#8221;"},"content":{"rendered":"<p>Konaklama tesislerinde yang\u0131n g\u00fcvenli\u011fine ili\u015fkin denetimlerde yeni yapt\u0131r\u0131m d\u00f6nemi ba\u015flad\u0131. Resm\u00ee Gazete\u2019de yay\u0131mlanan d\u00fczenlemeyle, yang\u0131n uygunlu\u011funu g\u00f6steren itfaiye raporunu denetimde ibraz edemeyen tesislerin faaliyeti durdurulacak.<br \/>\n<br \/>Cumhurba\u015fkan\u0131 Recep Tayyip Erdo\u011fan imzas\u0131yla y\u00fcr\u00fcrl\u00fc\u011fe giren ve Karar Say\u0131s\u0131: 10852 olarak yay\u0131mlanan d\u00fczenleme kapsam\u0131nda, itfaiye raporu al\u0131nmas\u0131 gereken konaklama tesisleri yetkili idarelerce denetlenecek. Denetimlerde, Binalar\u0131n Yang\u0131ndan Korunmas\u0131 Hakk\u0131nda Y\u00f6netmelik\u2019e uygun itfaiye raporu sunulamamas\u0131 halinde i\u015fletmeler 31 May\u0131s 2026 tarihine kadar derhal faaliyetten men edilecek.<br \/>\n<br \/>Sekt\u00f6r temsilcilerinden Telcom A.\u015e. Y\u00f6netim kurulu Ba\u015fkan\u0131 Osman Y\u00fccel ise d\u00fczenlemenin yang\u0131n g\u00fcvenli\u011fi konusunda \u00f6nemli bir ad\u0131m oldu\u011funu belirtti. Y\u00fccel, yeni yapt\u0131r\u0131mlarla birlikte tesislerin teknik donan\u0131m ve belgelendirme s\u00fcre\u00e7lerini h\u0131zland\u0131rmas\u0131n\u0131n ka\u00e7\u0131n\u0131lmaz hale geldi\u011fini ifade ederek, yang\u0131n g\u00fcvenli\u011finin hem misafir g\u00fcvenli\u011fi hem de i\u015fletmelerin s\u00fcrd\u00fcr\u00fclebilirli\u011fi a\u00e7\u0131s\u0131ndan kritik \u00f6neme sahip oldu\u011funu s\u00f6yledi.<br \/>\n<br \/>D\u00fczenlemede, ge\u00e7ici s\u00fcre tan\u0131nan tesislerde bu s\u00fcrenin yaln\u0131zca itfaiye raporunun d\u00fczenlenebilmesi i\u00e7in yap\u0131lacak imalat ve tadilat eksikliklerinin giderilmesine y\u00f6nelik oldu\u011fu vurguland\u0131. Bu s\u00fcre\u00e7te i\u015fletmelerin faaliyetine izin verilmeyece\u011fi belirtilirken, s\u00fcrenin sonunda raporu ibraz edemeyen tesisler i\u00e7in i\u015f yeri a\u00e7ma ve \u00e7al\u0131\u015fma ruhsat\u0131n\u0131n iptali ile kapatma yapt\u0131r\u0131m\u0131 uygulanaca\u011f\u0131 kaydedildi.<br \/>\n<br \/>\u00d6te yandan T\u00fcrkiye Seyahat Acentelar\u0131 Birli\u011fi\u2019nin (T\u00dcRSAB) yay\u0131mlad\u0131\u011f\u0131 bilgilendirmede, seyahat acentelar\u0131n\u0131 uyararak rezervasyon yap\u0131lan konaklama tesislerinin yang\u0131n g\u00fcvenli\u011fi mevzuat\u0131na uygunlu\u011funun takip edilmesi gerekti\u011fine dikkat \u00e7ekti.<br \/><\/p>\n","protected":false},"excerpt":{"rendered":"<p>Konaklama tesislerinde yang\u0131n g\u00fcvenli\u011fine ili\u015fkin denetimlerde yeni yapt\u0131r\u0131m d\u00f6nemi ba\u015flad\u0131. Resm\u00ee Gazete\u2019de yay\u0131mlanan d\u00fczenlemeyle, yang\u0131n uygunlu\u011funu g\u00f6steren itfaiye raporunu denetimde ibraz edemeyen tesislerin faaliyeti durdurulacak. Cumhurba\u015fkan\u0131 Recep Tayyip Erdo\u011fan imzas\u0131yla y\u00fcr\u00fcrl\u00fc\u011fe giren ve Karar Say\u0131s\u0131: 10852 olarak yay\u0131mlanan d\u00fczenleme kapsam\u0131nda, itfaiye raporu al\u0131nmas\u0131 gereken konaklama tesisleri yetkili idarelerce denetlenecek. Denetimlerde, Binalar\u0131n Yang\u0131ndan Korunmas\u0131 Hakk\u0131nda Y\u00f6netmelik\u2019e&#8230;<\/p>\n","protected":false},"author":1,"featured_media":83325,"comment_status":"open","ping_status":"open","sticky":false,"template":"","format":"standard","meta":{"_crdt_document":"","footnotes":""},"categories":[1],"tags":[],"class_list":["post-83324","post","type-post","status-publish","format-standard","has-post-thumbnail","hentry","category-guncel"],"_links":{"self":[{"href":"https:\/\/www.egemtv.com\/index.php?rest_route=\/wp\/v2\/posts\/83324","targetHints":{"allow":["GET"]}}],"collection":[{"href":"https:\/\/www.egemtv.com\/index.php?rest_route=\/wp\/v2\/posts"}],"about":[{"href":"https:\/\/www.egemtv.com\/index.php?rest_route=\/wp\/v2\/types\/post"}],"author":[{"embeddable":true,"href":"https:\/\/www.egemtv.com\/index.php?rest_route=\/wp\/v2\/users\/1"}],"replies":[{"embeddable":true,"href":"https:\/\/www.egemtv.com\/index.php?rest_route=%2Fwp%2Fv2%2Fcomments&post=83324"}],"version-history":[{"count":1,"href":"https:\/\/www.egemtv.com\/index.php?rest_route=\/wp\/v2\/posts\/83324\/revisions"}],"predecessor-version":[{"id":83326,"href":"https:\/\/www.egemtv.com\/index.php?rest_route=\/wp\/v2\/posts\/83324\/revisions\/83326"}],"wp:featuredmedia":[{"embeddable":true,"href":"https:\/\/www.egemtv.com\/index.php?rest_route=\/wp\/v2\/media\/83325"}],"wp:attachment":[{"href":"https:\/\/www.egemtv.com\/index.php?rest_route=%2Fwp%2Fv2%2Fmedia&parent=83324"}],"wp:term":[{"taxonomy":"category","embeddable":true,"href":"https:\/\/www.egemtv.com\/index.php?rest_route=%2Fwp%2Fv2%2Fcategories&post=83324"},{"taxonomy":"post_tag","embeddable":true,"href":"https:\/\/www.egemtv.com\/index.php?rest_route=%2Fwp%2Fv2%2Ftags&post=83324"}],"curies":[{"name":"wp","href":"https:\/\/api.w.org\/{rel}","templated":true}]}}