{"id":83321,"date":"2026-01-27T11:54:53","date_gmt":"2026-01-27T08:54:53","guid":{"rendered":"https:\/\/www.egemtv.com\/?p=83321"},"modified":"2026-01-27T11:54:54","modified_gmt":"2026-01-27T08:54:54","slug":"izmirde-metrekareye-47-5-kilogram-yagis-dustu","status":"publish","type":"post","link":"https:\/\/www.egemtv.com\/?p=83321","title":{"rendered":"\u0130zmir\u2019de metrekareye 47.5 kilogram ya\u011f\u0131\u015f d\u00fc\u015ft\u00fc"},"content":{"rendered":"<p>\u0130zmir\u2019de d\u00fcn ak\u015fam ba\u015flayan bug\u00fcn sabah saatlerine kadar s\u00fcren sa\u011fanak ya\u011f\u0131\u015f ve f\u0131rt\u0131na sebebiyle a\u011fa\u00e7lar devrildi, bir \u00e7ok b\u00f6lgede su bask\u0131nlar\u0131 ya\u015fand\u0131. Kent merkezinde metrekareye 47.5 kilogram ya\u011f\u0131\u015f d\u00fc\u015ferken, \u0130zmir B\u00fcy\u00fck\u015fehir Belediyesine ba\u011fl\u0131 t\u00fcm birimlerin bin 314 personel ve 342 ara\u00e7la sahada \u00e7al\u0131\u015fmalar\u0131 devam ediyor.<br \/>\n<br \/>\u0130zmir\u2019de ak\u015fam saatlerinde aniden bast\u0131ran kuvvetli sa\u011fanak ya\u011f\u0131\u015f ve f\u0131rt\u0131na kenti adeta teslim ald\u0131. \u0130\u015f \u00e7\u0131k\u0131\u015f saatinde trafik durma noktas\u0131na gelirken, devrilen a\u011fa\u00e7lar ve su bask\u0131nlar\u0131 hayat\u0131 olumsuz etkiledi. Sa\u011fanak ya\u011f\u0131\u015f bug\u00fcn sabah saatlerine kadar etkisini s\u00fcrd\u00fcrd\u00fc.<br \/>\n<br \/>Meteoroloji verilerine g\u00f6re saat 09.00 itibar\u0131yla \u0130zmir kent merkezinde metrekareye 47.5 kilogram ya\u011f\u0131\u015f d\u00fc\u015ft\u00fc. En y\u00fcksek ya\u011f\u0131\u015f Dikili \u00c7ukuralan\u2019da metrekareye 87,1 kilogram, Bergama \u0130ncecikler\u2019de 66,2 kilogram, Bal\u00e7ova\u2019da 57,6 kilogram olarak \u00f6l\u00e7\u00fcld\u00fc. Buca\u2019da metrekareye 49,6 kilogram, Bornova\u2019da 47,5 kilogram, Karaba\u011flar\u2019da 47,4 kilogram ve Konak\u2019ta metrekareye 46,4 kilogram ya\u011f\u0131\u015f d\u00fc\u015ft\u00fc. B\u00fcy\u00fck\u015fehir Belediyesi, 1.314 personel, 342 ara\u00e7 ve 200 pompa ile \u00e7al\u0131\u015fmalar\u0131n\u0131 s\u00fcrd\u00fcr\u00fcrken, 289 ihbara m\u00fcdahale etti.<\/p>\n<p>AKOM plan\u0131 devredeydi, ekipler \u00f6nceden haz\u0131rland\u0131<br \/>\n<br \/>\u0130zmir B\u00fcy\u00fck\u015fehir Belediyesi, ya\u011f\u0131\u015f \u00f6ncesinde AKOM koordinasyonunda haz\u0131rlanan kuvvetli ya\u011f\u0131\u015f, sel ve f\u0131rt\u0131na haz\u0131r m\u00fcdahale plan\u0131n\u0131 devreye ald\u0131. Bu kapsamda \u0130tfaiye, \u0130ZSU, Fen \u0130\u015fleri, Yol Yap\u0131m, Park ve Bah\u00e7eler, Zab\u0131ta ve ilgili t\u00fcm birimlerde ekip, ara\u00e7 ve personel g\u00f6revlendirmesi yap\u0131ld\u0131. Riskli noktalarda \u00f6nleyici tedbirler al\u0131n\u0131rken, ihbarlara h\u0131zl\u0131 m\u00fcdahale edilebilmesi amac\u0131yla ekipler kritik b\u00f6lgelerde \u00f6nceden konu\u015fland\u0131r\u0131ld\u0131.<\/p>\n<p>\u0130tfaiye ve \u0130ZSU ekipleri sahada<br \/>\n<br \/>\u0130tfaiye Dairesi Ba\u015fkanl\u0131\u011f\u0131\u2019na toplam 49 ihbar ula\u015ft\u0131. Bu ihbarlar\u0131n 18\u2019i su bask\u0131n\u0131, 13\u2019\u00fc \u00e7at\u0131 u\u00e7mas\u0131 ve tehlikeli durum, 12\u2019si a\u011fa\u00e7 devrilmesi olarak kay\u0131tlara ge\u00e7ti. Park ve Bah\u00e7eler Dairesi Ba\u015fkanl\u0131\u011f\u0131 ekipleri ayr\u0131ca 7 a\u011fa\u00e7 devrilmesine m\u00fcdahale ederek riskleri ortadan kald\u0131rd\u0131. \u0130ZSU Genel M\u00fcd\u00fcrl\u00fc\u011f\u00fc ile 153 H\u0130M \u00c7a\u011fr\u0131 Merkezi\u2019ne ula\u015fan ihbar say\u0131s\u0131 ise 240 oldu. Bu ba\u015fvurular\u0131n 153\u2019\u00fc ev su bask\u0131n\u0131, 87\u2019si yol su bask\u0131n\u0131 olarak s\u0131n\u0131fland\u0131r\u0131ld\u0131. \u0130hbarlar\u0131n \u00f6zellikle Buca, Konak ve Karaba\u011flar il\u00e7elerinde yo\u011funla\u015ft\u0131\u011f\u0131 belirtildi.<\/p>\n<p>Kordon\u2019da \u00f6nleyici tedbir<br \/>\n<br \/>Deniz seviyesinin y\u00fckselmesi ve yo\u011fun ya\u011f\u0131\u015f ihtimaline kar\u015f\u0131 yol yap\u0131m ve onar\u0131m ekipleri, Kordon\u2019daki sel kap\u0131lar\u0131nda \u00f6nleyici tedbirler ald\u0131. Kent genelindeki t\u00fcm s\u00fcre\u00e7, AKOM taraf\u0131ndan meteorolojik veriler, saha durumu ve gelen ihbarlar e\u015f zamanl\u0131 olarak izlenerek y\u00f6netildi. Yetkililer, olumsuz hava ko\u015fullar\u0131n\u0131n devam etmesi halinde vatanda\u015flar\u0131n 153 H\u0130M \u00c7a\u011fr\u0131 Merkezi \u00fczerinden ihbarda bulunabilece\u011fini belirterek, \u0130zmir B\u00fcy\u00fck\u015fehir Belediyesi\u2019nin t\u00fcm birimleriyle 7\/24 esas\u0131na g\u00f6re sahada oldu\u011funu vurgulad\u0131.<br \/><\/p>\n","protected":false},"excerpt":{"rendered":"<p>\u0130zmir\u2019de d\u00fcn ak\u015fam ba\u015flayan bug\u00fcn sabah saatlerine kadar s\u00fcren sa\u011fanak ya\u011f\u0131\u015f ve f\u0131rt\u0131na sebebiyle a\u011fa\u00e7lar devrildi, bir \u00e7ok b\u00f6lgede su bask\u0131nlar\u0131 ya\u015fand\u0131. Kent merkezinde metrekareye 47.5 kilogram ya\u011f\u0131\u015f d\u00fc\u015ferken, \u0130zmir B\u00fcy\u00fck\u015fehir Belediyesine ba\u011fl\u0131 t\u00fcm birimlerin bin 314 personel ve 342 ara\u00e7la sahada \u00e7al\u0131\u015fmalar\u0131 devam ediyor. \u0130zmir\u2019de ak\u015fam saatlerinde aniden bast\u0131ran kuvvetli sa\u011fanak ya\u011f\u0131\u015f ve f\u0131rt\u0131na&#8230;<\/p>\n","protected":false},"author":1,"featured_media":83322,"comment_status":"open","ping_status":"open","sticky":false,"template":"","format":"standard","meta":{"_crdt_document":"","footnotes":""},"categories":[1],"tags":[],"class_list":["post-83321","post","type-post","status-publish","format-standard","has-post-thumbnail","hentry","category-guncel"],"_links":{"self":[{"href":"https:\/\/www.egemtv.com\/index.php?rest_route=\/wp\/v2\/posts\/83321","targetHints":{"allow":["GET"]}}],"collection":[{"href":"https:\/\/www.egemtv.com\/index.php?rest_route=\/wp\/v2\/posts"}],"about":[{"href":"https:\/\/www.egemtv.com\/index.php?rest_route=\/wp\/v2\/types\/post"}],"author":[{"embeddable":true,"href":"https:\/\/www.egemtv.com\/index.php?rest_route=\/wp\/v2\/users\/1"}],"replies":[{"embeddable":true,"href":"https:\/\/www.egemtv.com\/index.php?rest_route=%2Fwp%2Fv2%2Fcomments&post=83321"}],"version-history":[{"count":1,"href":"https:\/\/www.egemtv.com\/index.php?rest_route=\/wp\/v2\/posts\/83321\/revisions"}],"predecessor-version":[{"id":83323,"href":"https:\/\/www.egemtv.com\/index.php?rest_route=\/wp\/v2\/posts\/83321\/revisions\/83323"}],"wp:featuredmedia":[{"embeddable":true,"href":"https:\/\/www.egemtv.com\/index.php?rest_route=\/wp\/v2\/media\/83322"}],"wp:attachment":[{"href":"https:\/\/www.egemtv.com\/index.php?rest_route=%2Fwp%2Fv2%2Fmedia&parent=83321"}],"wp:term":[{"taxonomy":"category","embeddable":true,"href":"https:\/\/www.egemtv.com\/index.php?rest_route=%2Fwp%2Fv2%2Fcategories&post=83321"},{"taxonomy":"post_tag","embeddable":true,"href":"https:\/\/www.egemtv.com\/index.php?rest_route=%2Fwp%2Fv2%2Ftags&post=83321"}],"curies":[{"name":"wp","href":"https:\/\/api.w.org\/{rel}","templated":true}]}}